{"id":275,"date":"2024-06-29T13:52:32","date_gmt":"2024-06-29T13:52:32","guid":{"rendered":"https:\/\/ditoefeito.esspc.pt\/24-25\/?p=275"},"modified":"2024-10-19T13:18:43","modified_gmt":"2024-10-19T13:18:43","slug":"pagina-inicial","status":"publish","type":"post","link":"https:\/\/ditoefeito.esspc.pt\/24-25\/2024\/06\/29\/pagina-inicial\/","title":{"rendered":"SUM\u00c1RIO"},"content":{"rendered":"\n<p><strong>00 Sum\u00e1rio\/ Editorial&nbsp;&nbsp; p\u00e1g.<\/strong><\/p>\n\n\n\n<p><strong>01 Mais Vida, Mais Escola\u00a0\u00a0 <\/strong><\/p>\n\n\n\n<p>Dia Europeu do Desporto na Escola \u2013 30 de setembro<\/p>\n\n\n\n<p>V Caminhada ESSPC &#8211; 11 de&nbsp;novembro<\/p>\n\n\n\n<p>Dia da Escola&nbsp; &#8211; Quem regista QR Code?<\/p>\n\n\n\n<p>Visita ao Parlamento Europeu &#8211; 4 a 6 de maio<\/p>\n\n\n\n<p>Comemora\u00e7\u00e3o do dia de Guy Fawkes \u2013 5 de novembro<\/p>\n\n\n\n<p>Gala de Natal &#8211; Momentos de GALA<\/p>\n\n\n\n<p>Pr\u00e9mio Traduzir 2023 &#8211; 23 de&nbsp;janeiro&nbsp;\u2013 Ingl\u00eas<\/p>\n\n\n\n<p>Dia de S\u00e3o Valentim &#8211;&nbsp;fevereiro&nbsp;\u2013 Ingl\u00eas<\/p>\n\n\n\n<p>La Chandeleur \u2013 Franc\u00eas<\/p>\n\n\n\n<p>DIA DO PI e Dia Internacional da Matem\u00e1tica &#8211; 14 de mar\u00e7o<\/p>\n\n\n\n<p>PAP &#8211; TAS &#8211; 28 de&nbsp;abril<\/p>\n\n\n\n<p>DIA DO DIPLOMA \u2013 26 de maio \u2013 Dire\u00e7\u00e3o \u2013 vamos aguardar<\/p>\n\n\n\n<p><strong>02 Biblioteca Escolar&nbsp;&nbsp; p\u00e1g.<\/strong><\/p>\n\n\n\n<p>S\u00edntese das atividades da Biblioteca<\/p>\n\n\n\n<p>(Dia de&nbsp; Halloween ou Dia de los Muertos\/ subdepartamento de Matem\u00e1tica)<\/p>\n\n\n\n<p>Ensaio sobre a Cegueira\/ Dia da Filosofia- 16 novembro \u2013 Biblioteca<\/p>\n\n\n\n<p>Semana da Leitura &#8211; Biblioteca &#8211; \u00faltima de mar\u00e7o<\/p>\n\n\n\n<p><strong>03 Erasmus+ e eTwinning&nbsp; p\u00e1g.<\/strong><\/p>\n\n\n\n<p>Acredita\u00e7\u00e3o Erasmus+ Setor KA120-VET \u2013 Ensino e Forma\u00e7\u00e3o Profissional<\/p>\n\n\n\n<p>ERASMUSDAYS &#8211; 13 e 14 de&nbsp;outubro<\/p>\n\n\n\n<p>A\u00e7\u00e3o de Sensibiliza\u00e7\u00e3o Ambiente &#8211; 13 de&nbsp;outubro&nbsp;<\/p>\n\n\n\n<p>Sess\u00e3o alunos Espanh\u00f3is &#8211; DAC &#8211; 9\u00baA &#8211; 7 de&nbsp;mar\u00e7o<\/p>\n\n\n\n<p>Projeto eTwinning The New King<\/p>\n\n\n\n<p><strong>04 Projetos de Sustentabilidade Ambiental <\/strong><\/p>\n\n\n\n<p>Projetos de Sustentabilidade Ambiental \u2013 s\u00edntese- coordenadora sustentabilidade<\/p>\n\n\n\n<p>Eventos 12, 15 e 21 de&nbsp;outubro&nbsp;\u2013 Bandeira Verde; Cora\u00e7\u00e3o Verde; Green Cork &#8211;&nbsp; Sustentabilidade<\/p>\n\n\n\n<p>Semana Europeia da Preven\u00e7\u00e3o de Res\u00edduos &#8211; 21 de&nbsp;novembro<\/p>\n\n\n\n<p>Planta\u00e7\u00e3o de Esp\u00e9cies Nativas Jancido &#8211; 23 de fevereiro Eco-Escolas<\/p>\n\n\n\n<p>Super-Ecol\u00e1pis |Desafio Faber-Castell &#8211; Eco- Escolas&nbsp; &#8211; FOTOS&nbsp;<em>Ecol\u00e1pis<\/em>&nbsp;&#8211; Faber-Castell<\/p>\n\n\n\n<p>Collage de um animal end\u00e9mico portugu\u00eas &#8211; Eco-Escola<\/p>\n\n\n\n<p>Projeto Depositr\u00e3o &#8211; Eco-Escolas&nbsp;<\/p>\n\n\n\n<p><strong>05 Projeto A Mina\u00a0 <\/strong><\/p>\n\n\n\n<p>A Mina e Tribunal Mina&nbsp; 2021-22 &#8211; 2022-23 2023-2024<\/p>\n\n\n\n<p><strong>06 Projeto CVnE\u00a0 <\/strong><\/p>\n\n\n\n<p>Projeto CVnE &#8211; atividades&nbsp;novembro&nbsp;e Visita ao Planet\u00e1rio<\/p>\n\n\n\n<p>QR Code &#8211; Dia dos Namorados \u2013 FQ<\/p>\n\n\n\n<p>DIA ABERTO &#8211; 10 de fev. FQA e TGPSI Universidade do Porto<\/p>\n\n\n\n<p>Museu Mineiro &#8211; CVnE &#8211; 28 de fevereiro<\/p>\n\n\n\n<p>CVnE &#8211; Bicicleta que carrega telem\u00f3veis<\/p>\n\n\n\n<p><strong>07 PES\u00a0\u00a0 <\/strong><\/p>\n\n\n\n<p>Dia Mundial da Alimenta\u00e7\u00e3o &#8211; 17 de&nbsp;outubro<\/p>\n\n\n\n<p>Dia Mundial da Diabetes -25 de novembro PES<\/p>\n\n\n\n<p>Rastreio visual -13 a 16 de&nbsp;mar\u00e7o&nbsp;\u2013 PES<\/p>\n\n\n\n<p>Dia Mundial da \u00c1gua &#8211; 22 de&nbsp;mar\u00e7o&nbsp;&#8211; PES, CVnE<\/p>\n\n\n\n<p>D\u00e1diva de sangue &#8211; 31 de&nbsp;mar\u00e7o&nbsp;PES<\/p>\n\n\n\n<p><strong>08 Visitas de Estudo&nbsp; p\u00e1g.<\/strong><\/p>\n\n\n\n<p>Ida ao Teatro 28 de&nbsp;novembro \u2013 Frei Lu\u00eds de Sousa \u2013 11\u00ba ano<\/p>\n\n\n\n<p>Visita ao SUCH 13 de janeiro<\/p>\n\n\n\n<p>Visita F\u00e1brica Centro Ci\u00eancia Viva &#8211; 2 fevereiro Inform\u00e1tica<\/p>\n\n\n\n<p>O Porto de Hans &#8211; 29 de mar\u00e7o &#8211; 8\u00baA<\/p>\n\n\n\n<p>XXI Jornadas da Computa\u00e7\u00e3o Gr\u00e1fica e Multim\u00e9dia &#8211; 19 de abril TGPSI TDCG<\/p>\n\n\n\n<p><strong>09 Educa\u00e7\u00e3o Especial&nbsp;&nbsp; p\u00e1g.<\/strong><\/p>\n\n\n\n<p>Dia Mundial do Animal &#8211; 4 de&nbsp;outubro&nbsp;CAA<\/p>\n\n\n\n<p>Visita de Estudo a Gondomar &#8211; 6 de&nbsp;outubro&nbsp;\u2013 CAA<\/p>\n\n\n\n<p>Hora de aventuras &#8211; 27&nbsp;fevereiro&nbsp;<\/p>\n\n\n\n<p>Surf e Orienta\u00e7\u00e3o &#8211; 15 de maio<\/p>\n\n\n\n<p><strong>10 GAAF&nbsp;&nbsp; p\u00e1g.<\/strong><\/p>\n\n\n\n<p>SOU CAPAZ &#8211; Ao longo do ano<\/p>\n\n\n\n<p>Livres e Iguais &#8211; 20 de outubro &#8211; GAAF<\/p>\n\n\n\n<p>Clube do Empreendedor &#8211; 23 novembro &#8211; GAAF<\/p>\n\n\n\n<p>Dia Internacional dos Direitos das Crian\u00e7as &#8211; 24 de nov.<\/p>\n\n\n\n<p>Dia Internacional do(a) Volunt\u00e1rio(a) &#8211; 14 dez&nbsp;<\/p>\n\n\n\n<p>Vamos Cantar as Janeiras! \u2013 6 de janeiro<\/p>\n\n\n\n<p>YOGA DO RISO &#8211; 18 de janeiro \u2013 GAAF<\/p>\n\n\n\n<p>Namorar d\u00e1 que falar! 14 fev. GAAF<\/p>\n\n\n\n<p>O lugar da mulher \u00e9 onde ela quiser! &#8211; 8 de mar\u00e7o \u2013 GAAF<\/p>\n\n\n\n<p>Cria\u00e7\u00e3o de Poema &#8211; 20 e 21 de mar\u00e7o \u2013 GAAF<\/p>\n\n\n\n<p>Abril &#8211; M\u00eas da Preven\u00e7\u00e3o contra os Maus-tratos &#8211; 27 de mar\u00e7o \u2013 GAAF<a><\/a><\/p>\n\n\n\n<p>Eu Confiante! &#8211; 8\u00baA &#8211; 2\u00ba per\u00edodo &#8211; GAAF&nbsp;<\/p>\n\n\n\n<p>Flashmob e La\u00e7o Humano &#8211; 28 de abril &#8211; GAAF<\/p>\n\n\n\n<p><strong>11 SPO&nbsp;&nbsp;&nbsp;&nbsp; p\u00e1g.<\/strong><\/p>\n\n\n\n<p>SPO &#8211; Dia da Sa\u00fade Mental &#8211; 10 de&nbsp;outubro<\/p>\n\n\n\n<p>Cuida-te+ 8 de&nbsp;novembro&nbsp;SPO<\/p>\n\n\n\n<p>CAREER SPEED DATING &#8211; 28 de&nbsp;novembro&nbsp;\u2013 SPO<\/p>\n\n\n\n<p>Cuida-te+ &#8211; Desordem Mental &#8211; 16 de&nbsp;dezembro ( ver fotos em \u201c<strong>Para Insta<\/strong>\u201d)<\/p>\n\n\n\n<p>EPIS &#8211; POR TI &#8211; 12 de&nbsp;janeiro&nbsp;&#8211; SPO<\/p>\n\n\n\n<p>EU SOU DIGITAL &#8211; 24 de janeiro e mar\u00e7o &#8211; SPO<\/p>\n\n\n\n<p>Faz-te aos Exames Sem Ansiedade \u2013 mar\u00e7o \u2013 SPO<\/p>\n\n\n\n<p>Mostra \u00e0 Universidade do Porto &#8211; 20 de abril &#8211; SPO<\/p>\n\n\n\n<p>(A)Mostra das Profiss\u00f5es &#8211; 27 de abril \u2013 SPO<\/p>\n\n\n\n<p>Toma a tua decis\u00e3o &#8211; abril e maio \u2013 SPO<\/p>\n\n\n\n<p>Palestra de Divulga\u00e7\u00e3o do Servi\u00e7o Militar &#8211; 15 de maio &#8211; SPO<\/p>\n\n\n\n<p><strong>12 Desporto&nbsp;&nbsp;&nbsp; p\u00e1g.<\/strong><\/p>\n\n\n\n<p>Educa\u00e7\u00e3o F\u00edsica e Desporto &#8211; sec\u00e7\u00e3o Atividades do ano<\/p>\n\n\n\n<p><strong>13 Artes&nbsp;&nbsp;&nbsp; p\u00e1g.<\/strong><\/p>\n\n\n\n<p>Artes &#8211; ao longo do ano<\/p>\n\n\n\n<p>Desafios D&#8217;Arte 22-23 &#8211; Artes<\/p>\n\n\n\n<p>Projeto Ajudaris <em>Monumentos de Portugal<\/em> TDCG1&nbsp;e 8\u00baA \u2013 fotos<\/p>\n\n\n\n<p><strong>14 ESSPC prepara-te para o FUTURO&nbsp;&nbsp; p\u00e1g.<\/strong><\/p>\n\n\n\n<p>Rece\u00e7\u00e3o aos alunos de F\u00e2nzeres \u2013 10 de maio<\/p>\n\n\n\n<p>ESSPC prepara-te para o FUTURO 10 de maio<\/p>\n","protected":false},"excerpt":{"rendered":"<p>00 Sum\u00e1rio\/ Editorial&nbsp;&nbsp; p\u00e1g. 01 Mais Vida, Mais Escola\u00a0\u00a0 Dia Europeu do Desporto na Escola \u2013 30 de setembro V Caminhada ESSPC &#8211; 11 de&nbsp;novembro Dia da Escola&nbsp; &#8211; Quem regista QR Code? Visita ao Parlamento Europeu &#8211; 4 a 6 de maio Comemora\u00e7\u00e3o do dia de Guy Fawkes \u2013 [&hellip;]<\/p>\n","protected":false},"author":1,"featured_media":0,"comment_status":"open","ping_status":"open","sticky":false,"template":"","format":"standard","meta":{"_eb_attr":"","footnotes":""},"categories":[1],"tags":[],"class_list":["post-275","post","type-post","status-publish","format-standard","hentry","category-sem-categoria"],"_links":{"self":[{"href":"https:\/\/ditoefeito.esspc.pt\/24-25\/wp-json\/wp\/v2\/posts\/275","targetHints":{"allow":["GET"]}}],"collection":[{"href":"https:\/\/ditoefeito.esspc.pt\/24-25\/wp-json\/wp\/v2\/posts"}],"about":[{"href":"https:\/\/ditoefeito.esspc.pt\/24-25\/wp-json\/wp\/v2\/types\/post"}],"author":[{"embeddable":true,"href":"https:\/\/ditoefeito.esspc.pt\/24-25\/wp-json\/wp\/v2\/users\/1"}],"replies":[{"embeddable":true,"href":"https:\/\/ditoefeito.esspc.pt\/24-25\/wp-json\/wp\/v2\/comments?post=275"}],"version-history":[{"count":1,"href":"https:\/\/ditoefeito.esspc.pt\/24-25\/wp-json\/wp\/v2\/posts\/275\/revisions"}],"predecessor-version":[{"id":2964,"href":"https:\/\/ditoefeito.esspc.pt\/24-25\/wp-json\/wp\/v2\/posts\/275\/revisions\/2964"}],"wp:attachment":[{"href":"https:\/\/ditoefeito.esspc.pt\/24-25\/wp-json\/wp\/v2\/media?parent=275"}],"wp:term":[{"taxonomy":"category","embeddable":true,"href":"https:\/\/ditoefeito.esspc.pt\/24-25\/wp-json\/wp\/v2\/categories?post=275"},{"taxonomy":"post_tag","embeddable":true,"href":"https:\/\/ditoefeito.esspc.pt\/24-25\/wp-json\/wp\/v2\/tags?post=275"}],"curies":[{"name":"wp","href":"https:\/\/api.w.org\/{rel}","templated":true}]}}