{"id":2952,"date":"2024-10-19T13:02:52","date_gmt":"2024-10-19T13:02:52","guid":{"rendered":"https:\/\/ditoefeito.esspc.pt\/24-25\/?p=2952"},"modified":"2024-11-18T14:31:12","modified_gmt":"2024-11-18T14:31:12","slug":"dia-da-sustentabilidade","status":"publish","type":"post","link":"https:\/\/ditoefeito.esspc.pt\/24-25\/2024\/10\/19\/dia-da-sustentabilidade\/","title":{"rendered":"Dia da Sustentabilidade"},"content":{"rendered":"\t\t<div data-elementor-type=\"wp-post\" data-elementor-id=\"2952\" class=\"elementor elementor-2952\" data-elementor-post-type=\"post\">\n\t\t\t\t<div class=\"elementor-element elementor-element-9af45f8 e-flex e-con-boxed e-con e-parent\" data-id=\"9af45f8\" data-element_type=\"container\">\n\t\t\t\t\t<div class=\"e-con-inner\">\n\t\t\t\t<div class=\"elementor-element elementor-element-92e3cde elementor-widget elementor-widget-text-editor\" data-id=\"92e3cde\" data-element_type=\"widget\" data-widget_type=\"text-editor.default\">\n\t\t\t\t<div class=\"elementor-widget-container\">\n\t\t\t<style>\/*! elementor - v3.22.0 - 26-06-2024 *\/\n.elementor-widget-text-editor.elementor-drop-cap-view-stacked .elementor-drop-cap{background-color:#69727d;color:#fff}.elementor-widget-text-editor.elementor-drop-cap-view-framed .elementor-drop-cap{color:#69727d;border:3px solid;background-color:transparent}.elementor-widget-text-editor:not(.elementor-drop-cap-view-default) .elementor-drop-cap{margin-top:8px}.elementor-widget-text-editor:not(.elementor-drop-cap-view-default) .elementor-drop-cap-letter{width:1em;height:1em}.elementor-widget-text-editor .elementor-drop-cap{float:left;text-align:center;line-height:1;font-size:50px}.elementor-widget-text-editor .elementor-drop-cap-letter{display:inline-block}<\/style>\t\t\t\t<p>A Escola celebrou, no dia 16 de outubro, o Dia da Sustentabilidade. Pelas 9.25h, a comunidade escolar assistiu entusiasticamente ao hastear da Bandeira Verde. \u00a0A Diretora da Escola relembrou a todos os presentes que, pelo sexto ano consecutivo, a Escola \u00e9 reconhecida com este galard\u00e3o pelo trabalho desenvolvido no \u00e2mbito da sustentabilidade ambiental. \u00c0s 10.40h, os alunos dos primeiros anos do ensino b\u00e1sico e secund\u00e1rio assistiram a uma sess\u00e3o de sensibiliza\u00e7\u00e3o ambiental, dinamizada pela Coordenadora dos Projetos de Sustentabilidade Ambiental, que serviu para partilhar com os alunos, que pela primeira vez frequentam esta Escola, as boas pr\u00e1ticas ambientais e os projetos em que podem participar.<\/p><p>Durante o dia decorreu uma exposi\u00e7\u00e3o comemorativa do Dia Mundial da Alimenta\u00e7\u00e3o, promovida pelo PES (Projeto Educar para a Sa\u00fade). Foram afixados cartazes alusivos \u00e0 data, colocados sobre uma mesa cestos de frutos locais e sazonais, como os di\u00f3spiros, castanhas, figos, rom\u00e3s, ma\u00e7\u00e3s, nozes e marmelos, acompanhados de uma apresenta\u00e7\u00e3o com o seu valor nutritivo, e expostas receitas com estes frutos que os alunos puderam fotografar para confecionar em casa. Tentou-se, assim, promover uma alimenta\u00e7\u00e3o saud\u00e1vel e sustent\u00e1vel!<\/p>\t\t\t\t\t\t<\/div>\n\t\t\t\t<\/div>\n\t\t\t\t\t<\/div>\n\t\t\t\t<\/div>\n\t\t<div class=\"elementor-element elementor-element-8a4a990 e-flex e-con-boxed e-con e-parent\" data-id=\"8a4a990\" data-element_type=\"container\">\n\t\t\t\t\t<div class=\"e-con-inner\">\n\t\t\t\t<div class=\"elementor-element elementor-element-9475771 elementor-widget elementor-widget-text-editor\" data-id=\"9475771\" data-element_type=\"widget\" data-widget_type=\"text-editor.default\">\n\t\t\t\t<div class=\"elementor-widget-container\">\n\t\t\t\t\t\t\t<p>Ana Santos , Coordenadora dos Projetos de Sustentabilidade Ambiental<\/p>\t\t\t\t\t\t<\/div>\n\t\t\t\t<\/div>\n\t\t\t\t\t<\/div>\n\t\t\t\t<\/div>\n\t\t<div class=\"elementor-element elementor-element-4c47e40 e-grid e-con-boxed e-con e-parent\" data-id=\"4c47e40\" data-element_type=\"container\">\n\t\t\t\t\t<div class=\"e-con-inner\">\n\t\t\t\t<div class=\"elementor-element elementor-element-f5694ca elementor-widget elementor-widget-image\" data-id=\"f5694ca\" data-element_type=\"widget\" data-widget_type=\"image.default\">\n\t\t\t\t<div class=\"elementor-widget-container\">\n\t\t\t<style>\/*! elementor - v3.22.0 - 26-06-2024 *\/\n.elementor-widget-image{text-align:center}.elementor-widget-image a{display:inline-block}.elementor-widget-image a img[src$=\".svg\"]{width:48px}.elementor-widget-image img{vertical-align:middle;display:inline-block}<\/style>\t\t\t\t\t\t\t\t\t\t<img fetchpriority=\"high\" decoding=\"async\" width=\"360\" height=\"240\" src=\"https:\/\/ditoefeito.esspc.pt\/24-25\/wp-content\/uploads\/2024\/10\/Dia-da-sustentabilidade-2-360x240.jpg\" class=\"attachment-hestia-blog size-hestia-blog wp-image-2957\" alt=\"\" \/>\t\t\t\t\t\t\t\t\t\t\t\t\t<\/div>\n\t\t\t\t<\/div>\n\t\t\t\t<div class=\"elementor-element elementor-element-d64de1a elementor-widget elementor-widget-image\" data-id=\"d64de1a\" data-element_type=\"widget\" data-widget_type=\"image.default\">\n\t\t\t\t<div class=\"elementor-widget-container\">\n\t\t\t\t\t\t\t\t\t\t\t\t\t<img decoding=\"async\" width=\"360\" height=\"240\" src=\"https:\/\/ditoefeito.esspc.pt\/24-25\/wp-content\/uploads\/2024\/10\/Dia-da-sustentabilidade-3-360x240.jpg\" class=\"attachment-hestia-blog size-hestia-blog wp-image-2958\" alt=\"\" \/>\t\t\t\t\t\t\t\t\t\t\t\t\t<\/div>\n\t\t\t\t<\/div>\n\t\t<div class=\"elementor-element elementor-element-f35d531 e-con-full e-flex e-con e-child\" data-id=\"f35d531\" data-element_type=\"container\">\n\t\t\t\t<div class=\"elementor-element elementor-element-61227ac elementor-widget elementor-widget-image\" data-id=\"61227ac\" data-element_type=\"widget\" data-widget_type=\"image.default\">\n\t\t\t\t<div class=\"elementor-widget-container\">\n\t\t\t\t\t\t\t\t\t\t\t\t\t<img decoding=\"async\" width=\"360\" height=\"240\" src=\"https:\/\/ditoefeito.esspc.pt\/24-25\/wp-content\/uploads\/2024\/10\/Dia-da-sustentabilidade-4-360x240.jpg\" class=\"attachment-hestia-blog size-hestia-blog wp-image-2959\" alt=\"\" \/>\t\t\t\t\t\t\t\t\t\t\t\t\t<\/div>\n\t\t\t\t<\/div>\n\t\t\t\t<\/div>\n\t\t\t\t<div class=\"elementor-element elementor-element-ae0fd19 elementor-widget elementor-widget-image\" data-id=\"ae0fd19\" data-element_type=\"widget\" data-widget_type=\"image.default\">\n\t\t\t\t<div class=\"elementor-widget-container\">\n\t\t\t\t\t\t\t\t\t\t\t\t\t<img loading=\"lazy\" decoding=\"async\" width=\"360\" height=\"240\" src=\"https:\/\/ditoefeito.esspc.pt\/24-25\/wp-content\/uploads\/2024\/10\/Dia-da-sustentabilidade-5-360x240.jpg\" class=\"attachment-hestia-blog size-hestia-blog wp-image-2960\" alt=\"ESSPC\" \/>\t\t\t\t\t\t\t\t\t\t\t\t\t<\/div>\n\t\t\t\t<\/div>\n\t\t\t\t\t<\/div>\n\t\t\t\t<\/div>\n\t\t\t\t<\/div>\n\t\t","protected":false},"excerpt":{"rendered":"<p>A Escola celebrou, no dia 16 de outubro, o Dia da Sustentabilidade. Pelas 9.25h, a comunidade escolar assistiu entusiasticamente ao hastear da Bandeira Verde. \u00a0A Diretora da Escola relembrou a todos os presentes que, pelo sexto ano consecutivo, a Escola \u00e9 reconhecida com este galard\u00e3o pelo trabalho desenvolvido no \u00e2mbito [&hellip;]<\/p>\n","protected":false},"author":1,"featured_media":2953,"comment_status":"open","ping_status":"open","sticky":false,"template":"","format":"standard","meta":{"_eb_attr":"","footnotes":""},"categories":[9],"tags":[13],"class_list":["post-2952","post","type-post","status-publish","format-standard","has-post-thumbnail","hentry","category-mais-vida-mais-escola","tag-sustentabilidade"],"_links":{"self":[{"href":"https:\/\/ditoefeito.esspc.pt\/24-25\/wp-json\/wp\/v2\/posts\/2952","targetHints":{"allow":["GET"]}}],"collection":[{"href":"https:\/\/ditoefeito.esspc.pt\/24-25\/wp-json\/wp\/v2\/posts"}],"about":[{"href":"https:\/\/ditoefeito.esspc.pt\/24-25\/wp-json\/wp\/v2\/types\/post"}],"author":[{"embeddable":true,"href":"https:\/\/ditoefeito.esspc.pt\/24-25\/wp-json\/wp\/v2\/users\/1"}],"replies":[{"embeddable":true,"href":"https:\/\/ditoefeito.esspc.pt\/24-25\/wp-json\/wp\/v2\/comments?post=2952"}],"version-history":[{"count":4,"href":"https:\/\/ditoefeito.esspc.pt\/24-25\/wp-json\/wp\/v2\/posts\/2952\/revisions"}],"predecessor-version":[{"id":2963,"href":"https:\/\/ditoefeito.esspc.pt\/24-25\/wp-json\/wp\/v2\/posts\/2952\/revisions\/2963"}],"wp:featuredmedia":[{"embeddable":true,"href":"https:\/\/ditoefeito.esspc.pt\/24-25\/wp-json\/wp\/v2\/media\/2953"}],"wp:attachment":[{"href":"https:\/\/ditoefeito.esspc.pt\/24-25\/wp-json\/wp\/v2\/media?parent=2952"}],"wp:term":[{"taxonomy":"category","embeddable":true,"href":"https:\/\/ditoefeito.esspc.pt\/24-25\/wp-json\/wp\/v2\/categories?post=2952"},{"taxonomy":"post_tag","embeddable":true,"href":"https:\/\/ditoefeito.esspc.pt\/24-25\/wp-json\/wp\/v2\/tags?post=2952"}],"curies":[{"name":"wp","href":"https:\/\/api.w.org\/{rel}","templated":true}]}}