{"id":3170,"date":"2024-12-02T14:41:50","date_gmt":"2024-12-02T14:41:50","guid":{"rendered":"https:\/\/ditoefeito.esspc.pt\/24-25\/?p=3170"},"modified":"2024-12-02T19:16:17","modified_gmt":"2024-12-02T19:16:17","slug":"visita-ao-planetario-do-porto-centro-ciencia-viva","status":"publish","type":"post","link":"https:\/\/ditoefeito.esspc.pt\/24-25\/2024\/12\/02\/visita-ao-planetario-do-porto-centro-ciencia-viva\/","title":{"rendered":"Visita ao Planet\u00e1rio do Porto &#8211; Centro Ci\u00eancia Viva"},"content":{"rendered":"\t\t<div data-elementor-type=\"wp-post\" data-elementor-id=\"3170\" class=\"elementor elementor-3170\" data-elementor-post-type=\"post\">\n\t\t\t\t<div class=\"elementor-element elementor-element-5cf4c4d e-flex e-con-boxed e-con e-parent\" data-id=\"5cf4c4d\" data-element_type=\"container\">\n\t\t\t\t\t<div class=\"e-con-inner\">\n\t\t\t\t<div class=\"elementor-element elementor-element-0fdb065 elementor-widget elementor-widget-text-editor\" data-id=\"0fdb065\" data-element_type=\"widget\" data-widget_type=\"text-editor.default\">\n\t\t\t\t<div class=\"elementor-widget-container\">\n\t\t\t<style>\/*! elementor - v3.22.0 - 26-06-2024 *\/\n.elementor-widget-text-editor.elementor-drop-cap-view-stacked .elementor-drop-cap{background-color:#69727d;color:#fff}.elementor-widget-text-editor.elementor-drop-cap-view-framed .elementor-drop-cap{color:#69727d;border:3px solid;background-color:transparent}.elementor-widget-text-editor:not(.elementor-drop-cap-view-default) .elementor-drop-cap{margin-top:8px}.elementor-widget-text-editor:not(.elementor-drop-cap-view-default) .elementor-drop-cap-letter{width:1em;height:1em}.elementor-widget-text-editor .elementor-drop-cap{float:left;text-align:center;line-height:1;font-size:50px}.elementor-widget-text-editor .elementor-drop-cap-letter{display:inline-block}<\/style>\t\t\t\t<p>Na manh\u00e3 do dia <strong>14 de novembro de 2024<\/strong>, os alunos da turma do <strong>10\u00baA, 7\u00baA, TGPSI 1<\/strong>, <strong>TGPSI 2<\/strong> e <strong>TGPSI 3<\/strong>, realizaram uma visita de estudo ao Centro de Astrof\u00edsica da Universidade do Porto, no \u00e2mbito do Projeto CVnE, juntamente com as suas professoras de F\u00edsica e Qu\u00edmica e de Biologia e Geologia.<\/p><p>A visita decorreu de forma muito entusiasta para todos os envolvidos, sendo que, \u00e0 chegada ao Planet\u00e1rio do Porto, as turmas foram recebidas por dois respons\u00e1veis do Planet\u00e1rio do Porto &#8211; Clube de Ci\u00eancia Viva,\u00a0<\/p><p>Em <strong>primeiro lugar<\/strong>, os alunos foram convidados a participar em oficinas pedag\u00f3gicas \u201cImpress\u00e3o digital dos astros\u201d e \u201cConstru\u00e7\u00e3o de rel\u00f3gios de Sol\u201d, estabelecendo assim pontes com o saber para al\u00e9m da sala de aula.<\/p><p>Na <strong>segunda parte da visita,<\/strong> assistiram a uma sess\u00e3o intitulada <strong><em>Universo<\/em><\/strong><em>:<\/em><strong><em> Um Espa\u00e7o colorido<\/em><\/strong>, uma atividade imersiva, com plena interdisciplinaridade entre as Ci\u00eancias F\u00edsicas e Naturais, mergulhando na qu\u00edmica das profundezas dos oceanos, penetrando fisicamente no interior do nosso planeta, observando os seus f\u00f3sseis e compreendendo a origem da vida.<\/p><p>Logo ap\u00f3s, viajaram pelo Sistema Solar\u2026 deitados!<\/p><p>Os alunos aprenderam mais sobre os conte\u00fados program\u00e1ticos das duas disciplinas e, assim, contribu\u00edmos para o sucesso escolar.<\/p><p>De uma forma geral, todos os alunos gostaram bastante desta atividade.<\/p>\t\t\t\t\t\t<\/div>\n\t\t\t\t<\/div>\n\t\t\t\t\t<\/div>\n\t\t\t\t<\/div>\n\t\t<div class=\"elementor-element elementor-element-d16deaa e-flex e-con-boxed e-con e-parent\" data-id=\"d16deaa\" data-element_type=\"container\">\n\t\t\t\t\t<div class=\"e-con-inner\">\n\t\t\t\t<div class=\"elementor-element elementor-element-905840d elementor-widget elementor-widget-text-editor\" data-id=\"905840d\" data-element_type=\"widget\" data-widget_type=\"text-editor.default\">\n\t\t\t\t<div class=\"elementor-widget-container\">\n\t\t\t\t\t\t\t<p>Ana Santos, M\u00aa Jo\u00e3o Antunes, Concei\u00e7\u00e3o Brito, Marta Santos e Sandra Santos, professoras<\/p>\t\t\t\t\t\t<\/div>\n\t\t\t\t<\/div>\n\t\t\t\t\t<\/div>\n\t\t\t\t<\/div>\n\t\t<div class=\"elementor-element elementor-element-62d243b e-flex e-con-boxed e-con e-parent\" data-id=\"62d243b\" data-element_type=\"container\">\n\t\t\t\t\t<div class=\"e-con-inner\">\n\t\t\t\t<div class=\"elementor-element elementor-element-82bd1b6 elementor-widget elementor-widget-image\" data-id=\"82bd1b6\" data-element_type=\"widget\" data-widget_type=\"image.default\">\n\t\t\t\t<div class=\"elementor-widget-container\">\n\t\t\t<style>\/*! elementor - v3.22.0 - 26-06-2024 *\/\n.elementor-widget-image{text-align:center}.elementor-widget-image a{display:inline-block}.elementor-widget-image a img[src$=\".svg\"]{width:48px}.elementor-widget-image img{vertical-align:middle;display:inline-block}<\/style>\t\t\t\t\t\t\t\t\t\t<img fetchpriority=\"high\" decoding=\"async\" width=\"604\" height=\"453\" src=\"https:\/\/ditoefeito.esspc.pt\/24-25\/wp-content\/uploads\/2024\/12\/Foto-Planetario-1.jpg\" class=\"attachment-large size-large wp-image-3171\" alt=\"\" \/>\t\t\t\t\t\t\t\t\t\t\t\t\t<\/div>\n\t\t\t\t<\/div>\n\t\t\t\t\t<\/div>\n\t\t\t\t<\/div>\n\t\t\t\t<\/div>\n\t\t","protected":false},"excerpt":{"rendered":"<p>Na manh\u00e3 do dia 14 de novembro de 2024, os alunos da turma do 10\u00baA, 7\u00baA, TGPSI 1, TGPSI 2 e TGPSI 3, realizaram uma visita de estudo ao Centro de Astrof\u00edsica da Universidade do Porto, no \u00e2mbito do Projeto CVnE, juntamente com as suas professoras de F\u00edsica e Qu\u00edmica [&hellip;]<\/p>\n","protected":false},"author":1,"featured_media":3172,"comment_status":"open","ping_status":"open","sticky":false,"template":"","format":"standard","meta":{"_eb_attr":"","footnotes":""},"categories":[9,11],"tags":[17],"class_list":["post-3170","post","type-post","status-publish","format-standard","has-post-thumbnail","hentry","category-mais-vida-mais-escola","category-saidas","tag-cvne"],"_links":{"self":[{"href":"https:\/\/ditoefeito.esspc.pt\/24-25\/wp-json\/wp\/v2\/posts\/3170","targetHints":{"allow":["GET"]}}],"collection":[{"href":"https:\/\/ditoefeito.esspc.pt\/24-25\/wp-json\/wp\/v2\/posts"}],"about":[{"href":"https:\/\/ditoefeito.esspc.pt\/24-25\/wp-json\/wp\/v2\/types\/post"}],"author":[{"embeddable":true,"href":"https:\/\/ditoefeito.esspc.pt\/24-25\/wp-json\/wp\/v2\/users\/1"}],"replies":[{"embeddable":true,"href":"https:\/\/ditoefeito.esspc.pt\/24-25\/wp-json\/wp\/v2\/comments?post=3170"}],"version-history":[{"count":4,"href":"https:\/\/ditoefeito.esspc.pt\/24-25\/wp-json\/wp\/v2\/posts\/3170\/revisions"}],"predecessor-version":[{"id":3176,"href":"https:\/\/ditoefeito.esspc.pt\/24-25\/wp-json\/wp\/v2\/posts\/3170\/revisions\/3176"}],"wp:featuredmedia":[{"embeddable":true,"href":"https:\/\/ditoefeito.esspc.pt\/24-25\/wp-json\/wp\/v2\/media\/3172"}],"wp:attachment":[{"href":"https:\/\/ditoefeito.esspc.pt\/24-25\/wp-json\/wp\/v2\/media?parent=3170"}],"wp:term":[{"taxonomy":"category","embeddable":true,"href":"https:\/\/ditoefeito.esspc.pt\/24-25\/wp-json\/wp\/v2\/categories?post=3170"},{"taxonomy":"post_tag","embeddable":true,"href":"https:\/\/ditoefeito.esspc.pt\/24-25\/wp-json\/wp\/v2\/tags?post=3170"}],"curies":[{"name":"wp","href":"https:\/\/api.w.org\/{rel}","templated":true}]}}