{"id":3202,"date":"2024-12-02T19:26:28","date_gmt":"2024-12-02T19:26:28","guid":{"rendered":"https:\/\/ditoefeito.esspc.pt\/24-25\/?p=3202"},"modified":"2024-12-02T20:00:29","modified_gmt":"2024-12-02T20:00:29","slug":"dia-mundial-da-ciencia-e-dia-nacional-da-cultura-cientifica","status":"publish","type":"post","link":"https:\/\/ditoefeito.esspc.pt\/24-25\/2024\/12\/02\/dia-mundial-da-ciencia-e-dia-nacional-da-cultura-cientifica\/","title":{"rendered":"Dia Mundial da Ci\u00eancia e Dia Nacional da Cultura\u00a0 Cient\u00edfica"},"content":{"rendered":"\t\t<div data-elementor-type=\"wp-post\" data-elementor-id=\"3202\" class=\"elementor elementor-3202\" data-elementor-post-type=\"post\">\n\t\t\t\t<div class=\"elementor-element elementor-element-08074b1 e-flex e-con-boxed e-con e-parent\" data-id=\"08074b1\" data-element_type=\"container\">\n\t\t\t\t\t<div class=\"e-con-inner\">\n\t\t\t\t<div class=\"elementor-element elementor-element-fac7cc3 elementor-widget elementor-widget-text-editor\" data-id=\"fac7cc3\" data-element_type=\"widget\" data-widget_type=\"text-editor.default\">\n\t\t\t\t<div class=\"elementor-widget-container\">\n\t\t\t<style>\/*! elementor - v3.22.0 - 26-06-2024 *\/\n.elementor-widget-text-editor.elementor-drop-cap-view-stacked .elementor-drop-cap{background-color:#69727d;color:#fff}.elementor-widget-text-editor.elementor-drop-cap-view-framed .elementor-drop-cap{color:#69727d;border:3px solid;background-color:transparent}.elementor-widget-text-editor:not(.elementor-drop-cap-view-default) .elementor-drop-cap{margin-top:8px}.elementor-widget-text-editor:not(.elementor-drop-cap-view-default) .elementor-drop-cap-letter{width:1em;height:1em}.elementor-widget-text-editor .elementor-drop-cap{float:left;text-align:center;line-height:1;font-size:50px}.elementor-widget-text-editor .elementor-drop-cap-letter{display:inline-block}<\/style>\t\t\t\t<p><span>No dia 24 de novembro, comemora-se o Dia Nacional da Cultura Cient\u00edfica e, por calhar num fim de semana, a Escola Secund\u00e1ria de S\u00e3o Pedro da Cova decidiu celebr\u00e1-lo no dia 26 de novembro. Neste dia, as turmas do curso de Ci\u00eancias e Tecnologias do 10\u00baA e 11\u00ba A participaram numa atividade no \u00e2mbito dos projetos <em>10 minutos a Ler<\/em> e\u00a0 <em>Clube de Ci\u00eancia Viva<\/em> (CVnE).<\/span><\/p><p><span>Para a realiza\u00e7\u00e3o desta atividade, usou-se um excerto adaptado da obra de Lewis Carrol, <em>Alice no Pa\u00eds das Maravilhas<\/em>, intitulado <em>O Chapeleiro Maluco<\/em>. No excerto, constata-se que o chapeleiro tem atitudes e falas insanas e muda constantemente de humor, sendo algu\u00e9m que gosta de implicar com os outros. No fundo, a loucura da personagem tem uma explica\u00e7\u00e3o cient\u00edfica, o envenenamento por merc\u00fario presente no feltro que se usava no s\u00e9culo XIX para forrar os chap\u00e9us. <\/span><\/p><p><span>A loucura do chapeleiro desta obra fant\u00e1stica n\u00e3o \u00e9 mais do que a consequ\u00eancia do envenenamento pela subst\u00e2ncia t\u00f3xica \u00e0 qual ficava exposto sempre que sa\u00eda \u00e0 rua (no s\u00e9culo XIX, os homens que n\u00e3o usassem chap\u00e9u eram considerados deselegantes) e que lhe provocava a apar\u00eancia p\u00e1lida, com olheiras marcadas, o esquecimento e as mudan\u00e7as repentinas de humor.<\/span><\/p><p><span>Foi uma atividade muito interessante e divertida, pois os alunos vestiram-se e caracterizaram-se a rigor para interpretar o di\u00e1logo do excerto proposto pelas professoras dinamizadoras da atividade (Clarinda Santos,\u00a0 Nazar\u00e9 Sousa, Maria Jo\u00e3o Antunes, Ana Santos e Marta Santos). A leitura expressiva do excerto foi intercalada com a leitura de um texto informativo sobre factos cient\u00edficos, nomeadamente sobre o merc\u00fario [Hg], elemento\u00a0 qu\u00edmico do grupo 12 da tabela peri\u00f3dica, um metal pesado e t\u00f3xico\u00a0 que se apresenta, \u00e0 temperatura ambiente, na forma l\u00edquida e que \u00e9 considerado uma neurotoxina. <\/span><\/p><p><span>Atividades como esta, de articula\u00e7\u00e3o entre a ci\u00eancia e a literatura, deveriam ser realizadas com mais frequ\u00eancia, uma vez que juntam o \u00fatil ao agrad\u00e1vel, permitindo, de\u00a0 forma descontra\u00edda, aprender algo novo.<\/span><\/p>\t\t\t\t\t\t<\/div>\n\t\t\t\t<\/div>\n\t\t\t\t\t<\/div>\n\t\t\t\t<\/div>\n\t\t<div class=\"elementor-element elementor-element-c02afd6 e-flex e-con-boxed e-con e-parent\" data-id=\"c02afd6\" data-element_type=\"container\">\n\t\t\t\t\t<div class=\"e-con-inner\">\n\t\t\t\t<div class=\"elementor-element elementor-element-1e9a1a0 elementor-widget elementor-widget-text-editor\" data-id=\"1e9a1a0\" data-element_type=\"widget\" data-widget_type=\"text-editor.default\">\n\t\t\t\t<div class=\"elementor-widget-container\">\n\t\t\t\t\t\t\t<p><span>Alfredo Silva, Katarina Oliveira (10\u00baA) e Regina Neves (10\u00baB), alunos<\/span><\/p>\t\t\t\t\t\t<\/div>\n\t\t\t\t<\/div>\n\t\t\t\t\t<\/div>\n\t\t\t\t<\/div>\n\t\t<div class=\"elementor-element elementor-element-6de799a e-flex e-con-boxed e-con e-parent\" data-id=\"6de799a\" data-element_type=\"container\">\n\t\t\t\t\t<div class=\"e-con-inner\">\n\t\t\t\t<div class=\"elementor-element elementor-element-68429de elementor-widget elementor-widget-image\" data-id=\"68429de\" data-element_type=\"widget\" data-widget_type=\"image.default\">\n\t\t\t\t<div class=\"elementor-widget-container\">\n\t\t\t<style>\/*! elementor - v3.22.0 - 26-06-2024 *\/\n.elementor-widget-image{text-align:center}.elementor-widget-image a{display:inline-block}.elementor-widget-image a img[src$=\".svg\"]{width:48px}.elementor-widget-image img{vertical-align:middle;display:inline-block}<\/style>\t\t\t\t\t\t\t\t\t\t<img fetchpriority=\"high\" decoding=\"async\" width=\"750\" height=\"422\" src=\"https:\/\/ditoefeito.esspc.pt\/24-25\/wp-content\/uploads\/2024\/12\/Dia-Mundial-da-Ciencia-2.jpg\" class=\"attachment-large size-large wp-image-3204\" alt=\"ESSPC\" \/>\t\t\t\t\t\t\t\t\t\t\t\t\t<\/div>\n\t\t\t\t<\/div>\n\t\t\t\t\t<\/div>\n\t\t\t\t<\/div>\n\t\t\t\t<\/div>\n\t\t","protected":false},"excerpt":{"rendered":"<p>No dia 24 de novembro, comemora-se o Dia Nacional da Cultura Cient\u00edfica e, por calhar num fim de semana, a Escola Secund\u00e1ria de S\u00e3o Pedro da Cova decidiu celebr\u00e1-lo no dia 26 de novembro. Neste dia, as turmas do curso de Ci\u00eancias e Tecnologias do 10\u00baA e 11\u00ba A participaram [&hellip;]<\/p>\n","protected":false},"author":1,"featured_media":3226,"comment_status":"open","ping_status":"open","sticky":false,"template":"","format":"standard","meta":{"_eb_attr":"","footnotes":""},"categories":[9,28],"tags":[40,17],"class_list":["post-3202","post","type-post","status-publish","format-standard","has-post-thumbnail","hentry","category-mais-vida-mais-escola","category-projetos","tag-0-minutos-a-ler","tag-cvne"],"_links":{"self":[{"href":"https:\/\/ditoefeito.esspc.pt\/24-25\/wp-json\/wp\/v2\/posts\/3202","targetHints":{"allow":["GET"]}}],"collection":[{"href":"https:\/\/ditoefeito.esspc.pt\/24-25\/wp-json\/wp\/v2\/posts"}],"about":[{"href":"https:\/\/ditoefeito.esspc.pt\/24-25\/wp-json\/wp\/v2\/types\/post"}],"author":[{"embeddable":true,"href":"https:\/\/ditoefeito.esspc.pt\/24-25\/wp-json\/wp\/v2\/users\/1"}],"replies":[{"embeddable":true,"href":"https:\/\/ditoefeito.esspc.pt\/24-25\/wp-json\/wp\/v2\/comments?post=3202"}],"version-history":[{"count":13,"href":"https:\/\/ditoefeito.esspc.pt\/24-25\/wp-json\/wp\/v2\/posts\/3202\/revisions"}],"predecessor-version":[{"id":3224,"href":"https:\/\/ditoefeito.esspc.pt\/24-25\/wp-json\/wp\/v2\/posts\/3202\/revisions\/3224"}],"wp:featuredmedia":[{"embeddable":true,"href":"https:\/\/ditoefeito.esspc.pt\/24-25\/wp-json\/wp\/v2\/media\/3226"}],"wp:attachment":[{"href":"https:\/\/ditoefeito.esspc.pt\/24-25\/wp-json\/wp\/v2\/media?parent=3202"}],"wp:term":[{"taxonomy":"category","embeddable":true,"href":"https:\/\/ditoefeito.esspc.pt\/24-25\/wp-json\/wp\/v2\/categories?post=3202"},{"taxonomy":"post_tag","embeddable":true,"href":"https:\/\/ditoefeito.esspc.pt\/24-25\/wp-json\/wp\/v2\/tags?post=3202"}],"curies":[{"name":"wp","href":"https:\/\/api.w.org\/{rel}","templated":true}]}}