{"id":3229,"date":"2024-12-13T13:32:31","date_gmt":"2024-12-13T13:32:31","guid":{"rendered":"https:\/\/ditoefeito.esspc.pt\/24-25\/?p=3229"},"modified":"2024-12-13T13:39:54","modified_gmt":"2024-12-13T13:39:54","slug":"dia-internacional-da-pessoa-com-deficiencia","status":"publish","type":"post","link":"https:\/\/ditoefeito.esspc.pt\/24-25\/2024\/12\/13\/dia-internacional-da-pessoa-com-deficiencia\/","title":{"rendered":"Dia Internacional da Pessoa com Defici\u00eancia"},"content":{"rendered":"\t\t<div data-elementor-type=\"wp-post\" data-elementor-id=\"3229\" class=\"elementor elementor-3229\" data-elementor-post-type=\"post\">\n\t\t\t\t<div class=\"elementor-element elementor-element-2faef4d e-flex e-con-boxed e-con e-parent\" data-id=\"2faef4d\" data-element_type=\"container\">\n\t\t\t\t\t<div class=\"e-con-inner\">\n\t\t\t\t<div class=\"elementor-element elementor-element-5df4bb3 elementor-widget elementor-widget-text-editor\" data-id=\"5df4bb3\" data-element_type=\"widget\" data-widget_type=\"text-editor.default\">\n\t\t\t\t<div class=\"elementor-widget-container\">\n\t\t\t<style>\/*! elementor - v3.22.0 - 26-06-2024 *\/\n.elementor-widget-text-editor.elementor-drop-cap-view-stacked .elementor-drop-cap{background-color:#69727d;color:#fff}.elementor-widget-text-editor.elementor-drop-cap-view-framed .elementor-drop-cap{color:#69727d;border:3px solid;background-color:transparent}.elementor-widget-text-editor:not(.elementor-drop-cap-view-default) .elementor-drop-cap{margin-top:8px}.elementor-widget-text-editor:not(.elementor-drop-cap-view-default) .elementor-drop-cap-letter{width:1em;height:1em}.elementor-widget-text-editor .elementor-drop-cap{float:left;text-align:center;line-height:1;font-size:50px}.elementor-widget-text-editor .elementor-drop-cap-letter{display:inline-block}<\/style>\t\t\t\t<p>Na Escola Secund\u00e1ria de S\u00e3o Pedro da Cova, no dia 3 de dezembro, alunos e professores comemoraram o <strong>Dia Internacional da Pessoa com Defici\u00eancia<\/strong> de uma forma muito especial. O Departamento de Express\u00f5es, em parceria com o GAAF\/SPO da escola, organizaram uma atividade que contou com a colabora\u00e7\u00e3o da <em>Associa\u00e7\u00e3o de Desporto Adaptado do Porto (ADADA)<\/em> e a <em>Associa\u00e7\u00e3o Social de Silveirinhos.&nbsp;<\/em><\/p><p>A atividade patenteou a experimenta\u00e7\u00e3o dos jogos de <em>Goalball<\/em> e <em>Boccia<\/em>, jogos tradicionais variados, o jogo da Gl\u00f3ria Humano e um <em>Quizz<\/em> com consola reciclada no \u00e2mbito do projeto + Power. Foi, sem d\u00favida, uma manh\u00e3 muito produtiva caracterizada por uma eficaz organiza\u00e7\u00e3o, pelo esp\u00edrito de inclus\u00e3o e pela total ades\u00e3o dos alunos participantes, que revelaram uma elevada motiva\u00e7\u00e3o nas atividades propostas. Houve ainda espa\u00e7o para um pequeno lanche onde todos os envolvidos puderam conviver e partilhar ideias e experi\u00eancias.<\/p>\t\t\t\t\t\t<\/div>\n\t\t\t\t<\/div>\n\t\t\t\t\t<\/div>\n\t\t\t\t<\/div>\n\t\t<div class=\"elementor-element elementor-element-e8dacf3 e-flex e-con-boxed e-con e-parent\" data-id=\"e8dacf3\" data-element_type=\"container\">\n\t\t\t\t\t<div class=\"e-con-inner\">\n\t\t\t\t<div class=\"elementor-element elementor-element-f9d0ae3 elementor-widget elementor-widget-text-editor\" data-id=\"f9d0ae3\" data-element_type=\"widget\" data-widget_type=\"text-editor.default\">\n\t\t\t\t<div class=\"elementor-widget-container\">\n\t\t\t\t\t\t\t<p><em>Joana Braga, <\/em><em>aluna e participante da turma TD1<\/em><\/p>\t\t\t\t\t\t<\/div>\n\t\t\t\t<\/div>\n\t\t\t\t\t<\/div>\n\t\t\t\t<\/div>\n\t\t<div class=\"elementor-element elementor-element-540c0f4 e-flex e-con-boxed e-con e-parent\" data-id=\"540c0f4\" data-element_type=\"container\">\n\t\t\t\t\t<div class=\"e-con-inner\">\n\t\t\t\t<div class=\"elementor-element elementor-element-a5319e1 elementor-arrows-position-inside elementor-pagination-position-outside elementor-widget elementor-widget-image-carousel\" data-id=\"a5319e1\" data-element_type=\"widget\" data-settings=\"{&quot;navigation&quot;:&quot;both&quot;,&quot;autoplay&quot;:&quot;yes&quot;,&quot;pause_on_hover&quot;:&quot;yes&quot;,&quot;pause_on_interaction&quot;:&quot;yes&quot;,&quot;autoplay_speed&quot;:5000,&quot;infinite&quot;:&quot;yes&quot;,&quot;speed&quot;:500}\" data-widget_type=\"image-carousel.default\">\n\t\t\t\t<div class=\"elementor-widget-container\">\n\t\t\t<style>\/*! elementor - v3.22.0 - 26-06-2024 *\/\n.elementor-widget-image-carousel .swiper,.elementor-widget-image-carousel .swiper-container{position:static}.elementor-widget-image-carousel .swiper-container .swiper-slide figure,.elementor-widget-image-carousel .swiper .swiper-slide figure{line-height:inherit}.elementor-widget-image-carousel .swiper-slide{text-align:center}.elementor-image-carousel-wrapper:not(.swiper-container-initialized):not(.swiper-initialized) .swiper-slide{max-width:calc(100% \/ var(--e-image-carousel-slides-to-show, 3))}<\/style>\t\t<div class=\"elementor-image-carousel-wrapper swiper\" dir=\"ltr\">\n\t\t\t<div class=\"elementor-image-carousel swiper-wrapper\" aria-live=\"off\">\n\t\t\t\t\t\t\t\t<div class=\"swiper-slide\" role=\"group\" aria-roledescription=\"slide\" aria-label=\"1 of 5\"><figure class=\"swiper-slide-inner\"><img decoding=\"async\" class=\"swiper-slide-image\" src=\"https:\/\/ditoefeito.esspc.pt\/24-25\/wp-content\/uploads\/2024\/12\/pessoa-Def.2.jpg\" alt=\"pessoa Def.2\" \/><\/figure><\/div><div class=\"swiper-slide\" role=\"group\" aria-roledescription=\"slide\" aria-label=\"2 of 5\"><figure class=\"swiper-slide-inner\"><img decoding=\"async\" class=\"swiper-slide-image\" src=\"https:\/\/ditoefeito.esspc.pt\/24-25\/wp-content\/uploads\/2024\/12\/Pes.-Def.3.jpg\" alt=\"Pes. Def.3\" \/><\/figure><\/div><div class=\"swiper-slide\" role=\"group\" aria-roledescription=\"slide\" aria-label=\"3 of 5\"><figure class=\"swiper-slide-inner\"><img decoding=\"async\" class=\"swiper-slide-image\" src=\"https:\/\/ditoefeito.esspc.pt\/24-25\/wp-content\/uploads\/2024\/12\/Pes.Def_.4.jpg\" alt=\"Pes.Def.4\" \/><\/figure><\/div><div class=\"swiper-slide\" role=\"group\" aria-roledescription=\"slide\" aria-label=\"4 of 5\"><figure class=\"swiper-slide-inner\"><img decoding=\"async\" class=\"swiper-slide-image\" src=\"https:\/\/ditoefeito.esspc.pt\/24-25\/wp-content\/uploads\/2024\/12\/pess-def-5.jpg\" alt=\"ESSPC\" \/><\/figure><\/div><div class=\"swiper-slide\" role=\"group\" aria-roledescription=\"slide\" aria-label=\"5 of 5\"><figure class=\"swiper-slide-inner\"><img decoding=\"async\" class=\"swiper-slide-image\" src=\"https:\/\/ditoefeito.esspc.pt\/24-25\/wp-content\/uploads\/2024\/12\/pess.-def-6.jpg\" alt=\"pess. def 6\" \/><\/figure><\/div>\t\t\t<\/div>\n\t\t\t\t\t\t\t\t\t\t\t\t<div class=\"elementor-swiper-button elementor-swiper-button-prev\" role=\"button\" tabindex=\"0\">\n\t\t\t\t\t\t<svg aria-hidden=\"true\" class=\"e-font-icon-svg e-eicon-chevron-left\" viewBox=\"0 0 1000 1000\" xmlns=\"http:\/\/www.w3.org\/2000\/svg\"><path d=\"M646 125C629 125 613 133 604 142L308 442C296 454 292 471 292 487 292 504 296 521 308 533L604 854C617 867 629 875 646 875 663 875 679 871 692 858 704 846 713 829 713 812 713 796 708 779 692 767L438 487 692 225C700 217 708 204 708 187 708 171 704 154 692 142 675 129 663 125 646 125Z\"><\/path><\/svg>\t\t\t\t\t<\/div>\n\t\t\t\t\t<div class=\"elementor-swiper-button elementor-swiper-button-next\" role=\"button\" tabindex=\"0\">\n\t\t\t\t\t\t<svg aria-hidden=\"true\" class=\"e-font-icon-svg e-eicon-chevron-right\" viewBox=\"0 0 1000 1000\" xmlns=\"http:\/\/www.w3.org\/2000\/svg\"><path d=\"M696 533C708 521 713 504 713 487 713 471 708 454 696 446L400 146C388 133 375 125 354 125 338 125 325 129 313 142 300 154 292 171 292 187 292 204 296 221 308 233L563 492 304 771C292 783 288 800 288 817 288 833 296 850 308 863 321 871 338 875 354 875 371 875 388 867 400 854L696 533Z\"><\/path><\/svg>\t\t\t\t\t<\/div>\n\t\t\t\t\n\t\t\t\t\t\t\t\t\t<div class=\"swiper-pagination\"><\/div>\n\t\t\t\t\t\t\t\t\t<\/div>\n\t\t\t\t<\/div>\n\t\t\t\t<\/div>\n\t\t\t\t\t<\/div>\n\t\t\t\t<\/div>\n\t\t\t\t<\/div>\n\t\t","protected":false},"excerpt":{"rendered":"<p>Na Escola Secund\u00e1ria de S\u00e3o Pedro da Cova, no dia 3 de dezembro, alunos e professores comemoraram o Dia Internacional da Pessoa com Defici\u00eancia de uma forma muito especial. O Departamento de Express\u00f5es, em parceria com o GAAF\/SPO da escola, organizaram uma atividade que contou com a colabora\u00e7\u00e3o da Associa\u00e7\u00e3o [&hellip;]<\/p>\n","protected":false},"author":1,"featured_media":3241,"comment_status":"open","ping_status":"open","sticky":false,"template":"","format":"standard","meta":{"_eb_attr":"","footnotes":""},"categories":[9],"tags":[],"class_list":["post-3229","post","type-post","status-publish","format-standard","has-post-thumbnail","hentry","category-mais-vida-mais-escola"],"_links":{"self":[{"href":"https:\/\/ditoefeito.esspc.pt\/24-25\/wp-json\/wp\/v2\/posts\/3229","targetHints":{"allow":["GET"]}}],"collection":[{"href":"https:\/\/ditoefeito.esspc.pt\/24-25\/wp-json\/wp\/v2\/posts"}],"about":[{"href":"https:\/\/ditoefeito.esspc.pt\/24-25\/wp-json\/wp\/v2\/types\/post"}],"author":[{"embeddable":true,"href":"https:\/\/ditoefeito.esspc.pt\/24-25\/wp-json\/wp\/v2\/users\/1"}],"replies":[{"embeddable":true,"href":"https:\/\/ditoefeito.esspc.pt\/24-25\/wp-json\/wp\/v2\/comments?post=3229"}],"version-history":[{"count":4,"href":"https:\/\/ditoefeito.esspc.pt\/24-25\/wp-json\/wp\/v2\/posts\/3229\/revisions"}],"predecessor-version":[{"id":3240,"href":"https:\/\/ditoefeito.esspc.pt\/24-25\/wp-json\/wp\/v2\/posts\/3229\/revisions\/3240"}],"wp:featuredmedia":[{"embeddable":true,"href":"https:\/\/ditoefeito.esspc.pt\/24-25\/wp-json\/wp\/v2\/media\/3241"}],"wp:attachment":[{"href":"https:\/\/ditoefeito.esspc.pt\/24-25\/wp-json\/wp\/v2\/media?parent=3229"}],"wp:term":[{"taxonomy":"category","embeddable":true,"href":"https:\/\/ditoefeito.esspc.pt\/24-25\/wp-json\/wp\/v2\/categories?post=3229"},{"taxonomy":"post_tag","embeddable":true,"href":"https:\/\/ditoefeito.esspc.pt\/24-25\/wp-json\/wp\/v2\/tags?post=3229"}],"curies":[{"name":"wp","href":"https:\/\/api.w.org\/{rel}","templated":true}]}}