{"id":3302,"date":"2024-12-23T13:15:33","date_gmt":"2024-12-23T13:15:33","guid":{"rendered":"https:\/\/ditoefeito.esspc.pt\/24-25\/?p=3302"},"modified":"2025-04-11T08:38:13","modified_gmt":"2025-04-11T08:38:13","slug":"comemoracao-do-dia-internacional-dos-direitos-humanos-escrita-humana","status":"publish","type":"post","link":"https:\/\/ditoefeito.esspc.pt\/24-25\/2024\/12\/23\/comemoracao-do-dia-internacional-dos-direitos-humanos-escrita-humana\/","title":{"rendered":"Comemora\u00e7\u00e3o do Dia Internacional dos\u00a0Direitos\u00a0Humanos\u00a0&#8211; Escrita Humana"},"content":{"rendered":"\t\t<div data-elementor-type=\"wp-post\" data-elementor-id=\"3302\" class=\"elementor elementor-3302\" data-elementor-post-type=\"post\">\n\t\t\t\t<div class=\"elementor-element elementor-element-a944218 e-grid e-con-full e-con e-parent\" data-id=\"a944218\" data-element_type=\"container\">\n\t\t\t\t<div class=\"elementor-element elementor-element-916aebf elementor-widget elementor-widget-text-editor\" data-id=\"916aebf\" data-element_type=\"widget\" data-widget_type=\"text-editor.default\">\n\t\t\t\t<div class=\"elementor-widget-container\">\n\t\t\t<style>\/*! elementor - v3.22.0 - 26-06-2024 *\/\n.elementor-widget-text-editor.elementor-drop-cap-view-stacked .elementor-drop-cap{background-color:#69727d;color:#fff}.elementor-widget-text-editor.elementor-drop-cap-view-framed .elementor-drop-cap{color:#69727d;border:3px solid;background-color:transparent}.elementor-widget-text-editor:not(.elementor-drop-cap-view-default) .elementor-drop-cap{margin-top:8px}.elementor-widget-text-editor:not(.elementor-drop-cap-view-default) .elementor-drop-cap-letter{width:1em;height:1em}.elementor-widget-text-editor .elementor-drop-cap{float:left;text-align:center;line-height:1;font-size:50px}.elementor-widget-text-editor .elementor-drop-cap-letter{display:inline-block}<\/style>\t\t\t\t<p>No dia 12 de dezembro, os alunos das turmasTDCG1, 10\u00baB e os alunos que integram a Oficina de Hist\u00f3ria realizaram, com as docentes Patr\u00edcia Morais, Rosa Silva e Isaura Almeida, a atividade \u201cEscrita Humana\u201d. Foram ainda como docentes acompanhantes, as professoras Sara Pereira e Lu\u00edsa Almeida.<\/p>\t\t\t\t\t\t<\/div>\n\t\t\t\t<\/div>\n\t\t\t\t<div class=\"elementor-element elementor-element-f1a85c9 elementor-widget elementor-widget-image\" data-id=\"f1a85c9\" data-element_type=\"widget\" data-widget_type=\"image.default\">\n\t\t\t\t<div class=\"elementor-widget-container\">\n\t\t\t<style>\/*! elementor - v3.22.0 - 26-06-2024 *\/\n.elementor-widget-image{text-align:center}.elementor-widget-image a{display:inline-block}.elementor-widget-image a img[src$=\".svg\"]{width:48px}.elementor-widget-image img{vertical-align:middle;display:inline-block}<\/style>\t\t\t\t\t\t\t\t\t\t<img fetchpriority=\"high\" decoding=\"async\" width=\"521\" height=\"391\" src=\"https:\/\/ditoefeito.esspc.pt\/24-25\/wp-content\/uploads\/2024\/12\/DireitosHumanos5.jpg\" class=\"attachment-large size-large wp-image-3338\" alt=\"ESSPC\" \/>\t\t\t\t\t\t\t\t\t\t\t\t\t<\/div>\n\t\t\t\t<\/div>\n\t\t\t\t<div class=\"elementor-element elementor-element-695ba4a elementor-widget elementor-widget-image\" data-id=\"695ba4a\" data-element_type=\"widget\" data-widget_type=\"image.default\">\n\t\t\t\t<div class=\"elementor-widget-container\">\n\t\t\t\t\t\t\t\t\t\t\t\t\t<img decoding=\"async\" width=\"553\" height=\"416\" src=\"https:\/\/ditoefeito.esspc.pt\/24-25\/wp-content\/uploads\/2024\/12\/DireitosHumanos4.jpg\" class=\"attachment-large size-large wp-image-3337\" alt=\"ESSPC\" \/>\t\t\t\t\t\t\t\t\t\t\t\t\t<\/div>\n\t\t\t\t<\/div>\n\t\t\t\t<div class=\"elementor-element elementor-element-de05b3d elementor-widget elementor-widget-text-editor\" data-id=\"de05b3d\" data-element_type=\"widget\" data-widget_type=\"text-editor.default\">\n\t\t\t\t<div class=\"elementor-widget-container\">\n\t\t\t\t\t\t\t<p>O objetivo geral da atividade foi assinalar a comemora\u00e7\u00e3o do Dia Internacional dos\u00a0Direitos\u00a0Humanos. Objetivou-se ainda ampliar o conhecimento sobre os artigos da Declara\u00e7\u00e3o\u00a0Universal dos\u00a0Direitos\u00a0Humanos, sensibilizar a comunidade escolar\u00a0para a import\u00e2ncia da Declara\u00e7\u00e3o\u00a0Universal dos\u00a0Direitos\u00a0Humanos, promover a inclus\u00e3o e a diversidade na escola e combater a discrimina\u00e7\u00e3o.<\/p>\t\t\t\t\t\t<\/div>\n\t\t\t\t<\/div>\n\t\t\t\t<\/div>\n\t\t<div class=\"elementor-element elementor-element-3c848cf e-flex e-con-boxed e-con e-parent\" data-id=\"3c848cf\" data-element_type=\"container\">\n\t\t\t\t\t<div class=\"e-con-inner\">\n\t\t<div class=\"elementor-element elementor-element-34968fa e-con-full e-flex e-con e-child\" data-id=\"34968fa\" data-element_type=\"container\">\n\t\t\t\t<div class=\"elementor-element elementor-element-35b9e8a elementor-widget elementor-widget-text-editor\" data-id=\"35b9e8a\" data-element_type=\"widget\" data-widget_type=\"text-editor.default\">\n\t\t\t\t<div class=\"elementor-widget-container\">\n\t\t\t\t\t\t\t<p>Assim, no campo de jogos da ESSPC, os alunos e as docentes constru\u00edram com o seu corpo, as palavras anteriormente escolhidas: Paz, Livre, Sa\u00fade, Justi\u00e7a e Educa\u00e7\u00e3o. Esta atividade contou, ainda, com a colabora\u00e7\u00e3o do assistente operacional, Paulo Silva, que a filmou com recurso a um drone.<\/p>\t\t\t\t\t\t<\/div>\n\t\t\t\t<\/div>\n\t\t\t\t<\/div>\n\t\t<div class=\"elementor-element elementor-element-4aef568 e-con-full e-flex e-con e-child\" data-id=\"4aef568\" data-element_type=\"container\">\n\t\t\t\t<div class=\"elementor-element elementor-element-08329f5 elementor-widget elementor-widget-image\" data-id=\"08329f5\" data-element_type=\"widget\" data-widget_type=\"image.default\">\n\t\t\t\t<div class=\"elementor-widget-container\">\n\t\t\t\t\t\t\t\t\t\t\t\t\t<img decoding=\"async\" width=\"478\" height=\"359\" src=\"https:\/\/ditoefeito.esspc.pt\/24-25\/wp-content\/uploads\/2024\/12\/DireitosHumanos2.jpg\" class=\"attachment-large size-large wp-image-3336\" alt=\"ESSPC\" \/>\t\t\t\t\t\t\t\t\t\t\t\t\t<\/div>\n\t\t\t\t<\/div>\n\t\t\t\t<\/div>\n\t\t\t\t\t<\/div>\n\t\t\t\t<\/div>\n\t\t<div class=\"elementor-element elementor-element-55786f3 e-flex e-con-boxed e-con e-parent\" data-id=\"55786f3\" data-element_type=\"container\">\n\t\t\t\t\t<div class=\"e-con-inner\">\n\t\t\t\t<div class=\"elementor-element elementor-element-ad7d238 elementor-widget elementor-widget-text-editor\" data-id=\"ad7d238\" data-element_type=\"widget\" data-widget_type=\"text-editor.default\">\n\t\t\t\t<div class=\"elementor-widget-container\">\n\t\t\t\t\t\t\t<p>Foi uma manh\u00e3 pautada por muita anima\u00e7\u00e3o e alegria, promotora da aprendizagem fora da sala de aula, com motiva\u00e7\u00e3o, criatividade, pensamento cr\u00edtico e capacidade de trabalho em equipa.<\/p><p>Parab\u00e9ns a todos os envolvidos!<\/p>\t\t\t\t\t\t<\/div>\n\t\t\t\t<\/div>\n\t\t\t\t\t<\/div>\n\t\t\t\t<\/div>\n\t\t\t\t<\/div>\n\t\t","protected":false},"excerpt":{"rendered":"<p>No dia 12 de dezembro, os alunos das turmasTDCG1, 10\u00baB e os alunos que integram a Oficina de Hist\u00f3ria realizaram, com as docentes Patr\u00edcia Morais, Rosa Silva e Isaura Almeida, a atividade \u201cEscrita Humana\u201d. Foram ainda como docentes acompanhantes, as professoras Sara Pereira e Lu\u00edsa Almeida. O objetivo geral da [&hellip;]<\/p>\n","protected":false},"author":1,"featured_media":3366,"comment_status":"open","ping_status":"open","sticky":false,"template":"","format":"standard","meta":{"_eb_attr":"","footnotes":""},"categories":[9],"tags":[],"class_list":["post-3302","post","type-post","status-publish","format-standard","has-post-thumbnail","hentry","category-mais-vida-mais-escola"],"_links":{"self":[{"href":"https:\/\/ditoefeito.esspc.pt\/24-25\/wp-json\/wp\/v2\/posts\/3302","targetHints":{"allow":["GET"]}}],"collection":[{"href":"https:\/\/ditoefeito.esspc.pt\/24-25\/wp-json\/wp\/v2\/posts"}],"about":[{"href":"https:\/\/ditoefeito.esspc.pt\/24-25\/wp-json\/wp\/v2\/types\/post"}],"author":[{"embeddable":true,"href":"https:\/\/ditoefeito.esspc.pt\/24-25\/wp-json\/wp\/v2\/users\/1"}],"replies":[{"embeddable":true,"href":"https:\/\/ditoefeito.esspc.pt\/24-25\/wp-json\/wp\/v2\/comments?post=3302"}],"version-history":[{"count":19,"href":"https:\/\/ditoefeito.esspc.pt\/24-25\/wp-json\/wp\/v2\/posts\/3302\/revisions"}],"predecessor-version":[{"id":4018,"href":"https:\/\/ditoefeito.esspc.pt\/24-25\/wp-json\/wp\/v2\/posts\/3302\/revisions\/4018"}],"wp:featuredmedia":[{"embeddable":true,"href":"https:\/\/ditoefeito.esspc.pt\/24-25\/wp-json\/wp\/v2\/media\/3366"}],"wp:attachment":[{"href":"https:\/\/ditoefeito.esspc.pt\/24-25\/wp-json\/wp\/v2\/media?parent=3302"}],"wp:term":[{"taxonomy":"category","embeddable":true,"href":"https:\/\/ditoefeito.esspc.pt\/24-25\/wp-json\/wp\/v2\/categories?post=3302"},{"taxonomy":"post_tag","embeddable":true,"href":"https:\/\/ditoefeito.esspc.pt\/24-25\/wp-json\/wp\/v2\/tags?post=3302"}],"curies":[{"name":"wp","href":"https:\/\/api.w.org\/{rel}","templated":true}]}}