{"id":3367,"date":"2025-01-08T16:50:02","date_gmt":"2025-01-08T16:50:02","guid":{"rendered":"https:\/\/ditoefeito.esspc.pt\/24-25\/?p=3367"},"modified":"2025-01-08T17:05:30","modified_gmt":"2025-01-08T17:05:30","slug":"quebra-nozes-e-o-reino-do-gelo-o-musical","status":"publish","type":"post","link":"https:\/\/ditoefeito.esspc.pt\/24-25\/2025\/01\/08\/quebra-nozes-e-o-reino-do-gelo-o-musical\/","title":{"rendered":"Quebra-Nozes e o Reino do Gelo, o Musical"},"content":{"rendered":"\t\t<div data-elementor-type=\"wp-post\" data-elementor-id=\"3367\" class=\"elementor elementor-3367\" data-elementor-post-type=\"post\">\n\t\t\t\t<div class=\"elementor-element elementor-element-36503d1 e-flex e-con-boxed e-con e-parent\" data-id=\"36503d1\" data-element_type=\"container\">\n\t\t\t\t\t<div class=\"e-con-inner\">\n\t\t\t\t<div class=\"elementor-element elementor-element-8f84751 elementor-widget elementor-widget-image\" data-id=\"8f84751\" data-element_type=\"widget\" data-widget_type=\"image.default\">\n\t\t\t\t<div class=\"elementor-widget-container\">\n\t\t\t<style>\/*! elementor - v3.22.0 - 26-06-2024 *\/\n.elementor-widget-image{text-align:center}.elementor-widget-image a{display:inline-block}.elementor-widget-image a img[src$=\".svg\"]{width:48px}.elementor-widget-image img{vertical-align:middle;display:inline-block}<\/style>\t\t\t\t\t\t\t\t\t\t<img fetchpriority=\"high\" decoding=\"async\" width=\"750\" height=\"750\" src=\"https:\/\/ditoefeito.esspc.pt\/24-25\/wp-content\/uploads\/2025\/01\/unnamed-9.jpg\" class=\"attachment-large size-large wp-image-3372\" alt=\"ESSPC\" \/>\t\t\t\t\t\t\t\t\t\t\t\t\t<\/div>\n\t\t\t\t<\/div>\n\t\t\t\t\t<\/div>\n\t\t\t\t<\/div>\n\t\t<div class=\"elementor-element elementor-element-1da8860 e-flex e-con-boxed e-con e-parent\" data-id=\"1da8860\" data-element_type=\"container\">\n\t\t\t\t\t<div class=\"e-con-inner\">\n\t\t\t\t<div class=\"elementor-element elementor-element-77a7b75 elementor-widget elementor-widget-text-editor\" data-id=\"77a7b75\" data-element_type=\"widget\" data-widget_type=\"text-editor.default\">\n\t\t\t\t<div class=\"elementor-widget-container\">\n\t\t\t<style>\/*! elementor - v3.22.0 - 26-06-2024 *\/\n.elementor-widget-text-editor.elementor-drop-cap-view-stacked .elementor-drop-cap{background-color:#69727d;color:#fff}.elementor-widget-text-editor.elementor-drop-cap-view-framed .elementor-drop-cap{color:#69727d;border:3px solid;background-color:transparent}.elementor-widget-text-editor:not(.elementor-drop-cap-view-default) .elementor-drop-cap{margin-top:8px}.elementor-widget-text-editor:not(.elementor-drop-cap-view-default) .elementor-drop-cap-letter{width:1em;height:1em}.elementor-widget-text-editor .elementor-drop-cap{float:left;text-align:center;line-height:1;font-size:50px}.elementor-widget-text-editor .elementor-drop-cap-letter{display:inline-block}<\/style>\t\t\t\t<p>No dia 17 de dezembro, os alunos apoiados no Centro de Apoio \u00e0 Aprendizagem (CAA) foram assistir ao espet\u00e1culo \u201cQuebra-Nozes e o Reino do Gelo, o Musical\u201d no Mar Shopping de Matosinhos acompanhados pelas docentes Isaura Almeida e Rosa Maria Silva. Este espet\u00e1culo \u00e9 protagonizado por Rita Rocha, uma cantora de 18 anos que faz a sua estreia na representa\u00e7\u00e3o e interpreta Clara, uma menina com uma imagina\u00e7\u00e3o infinita e que \u00e9 a maior entusiasta do Natal. A atriz Angie Costa interpreta a Fada dos Doces, um ser m\u00e1gico que irradia energia e alegria e que vai ajudar Clara. A este par, junta-se o Quebra-Nozes, um soldado corajoso e com grandes tend\u00eancias rom\u00e2nticas, que \u00e9 interpretado pelo ator \u00c2ngelo Rodrigues.<\/p><p>Com uma mensagem poderosa contra o Bullying, o Quebra-Nozes e o Reino do Gelo atrav\u00e9s da sua hist\u00f3ria, transmite uma li\u00e7\u00e3o de coragem, amizade e amor. Aqui h\u00e1 um Reino onde todos pertencem\u2026<\/p><p>A hist\u00f3ria come\u00e7a com a not\u00edcia de um Natal \u201ccancelado\u201d, o que causa a todos uma enorme surpresa.<\/p><p>Cabe, ent\u00e3o, a Clara, \u00e0 Fada dos Doces e ao soldado Quebra-Nozes a miss\u00e3o de salvar o Natal. Para isso, viajam at\u00e9 ao Planeta do Natal a bordo de um foguet\u00e3o, atravessando inacredit\u00e1veis territ\u00f3rios encantados e descobrindo personagens enigm\u00e1ticas que os ajudam ou dificultam a miss\u00e3o de chegarem ao lugar mais m\u00e1gico de todos: o\u00a0Reino do Gelo\u2026 lugar misterioso onde vive o Pai Natal.<\/p><p>Foi um espet\u00e1culo simplesmente deslumbrante!<\/p><p>Alunos e docentes partilharam emo\u00e7\u00f5es e viveram uma experi\u00eancia \u00fanica!<\/p>\t\t\t\t\t\t<\/div>\n\t\t\t\t<\/div>\n\t\t\t\t\t<\/div>\n\t\t\t\t<\/div>\n\t\t<div class=\"elementor-element elementor-element-27fdfe9 e-flex e-con-boxed e-con e-parent\" data-id=\"27fdfe9\" data-element_type=\"container\">\n\t\t\t\t\t<div class=\"e-con-inner\">\n\t\t\t\t<div class=\"elementor-element elementor-element-f9a35f0 elementor-widget elementor-widget-text-editor\" data-id=\"f9a35f0\" data-element_type=\"widget\" data-widget_type=\"text-editor.default\">\n\t\t\t\t<div class=\"elementor-widget-container\">\n\t\t\t\t\t\t\t<p><span style=\"font-size: inherit; text-align: var(--text-align);\">Nuno Barros (10\u00baA),\u00a0<\/span><span style=\"font-size: inherit; text-align: var(--text-align);\">Mara Silva (TDCG1),\u00a0<\/span><span style=\"font-size: inherit; text-align: var(--text-align);\">Sofia Valadares (TDCG1),\u00a0<\/span><span style=\"font-size: inherit; text-align: var(--text-align);\">Ana Oliveira (11\u00baA),\u00a0<\/span><span style=\"font-size: inherit; text-align: var(--text-align);\">Tom\u00e1s Moreira (11\u00baB),\u00a0<\/span><span style=\"font-size: inherit; text-align: var(--text-align);\">Bruno Carvalho (TD2B),\u00a0<\/span><span style=\"font-size: inherit; text-align: var(--text-align);\">Tiago Pereira (TAS2),\u00a0<\/span><span style=\"font-size: inherit; text-align: var(--text-align);\">Andr\u00e9 Costa (12\u00baA), alunos<\/span><\/p>\t\t\t\t\t\t<\/div>\n\t\t\t\t<\/div>\n\t\t\t\t\t<\/div>\n\t\t\t\t<\/div>\n\t\t<div class=\"elementor-element elementor-element-1b977f7 e-flex e-con-boxed e-con e-parent\" data-id=\"1b977f7\" data-element_type=\"container\">\n\t\t\t\t\t<div class=\"e-con-inner\">\n\t\t\t\t<div class=\"elementor-element elementor-element-5289896 elementor-widget elementor-widget-text-editor\" data-id=\"5289896\" data-element_type=\"widget\" data-widget_type=\"text-editor.default\">\n\t\t\t\t<div class=\"elementor-widget-container\">\n\t\t\t\t\t\t\t<p>Isaura Almeida,\u00a0<span style=\"font-size: inherit; text-align: var(--text-align);\">Rosa Maria Silva, professoras<\/span><\/p>\t\t\t\t\t\t<\/div>\n\t\t\t\t<\/div>\n\t\t\t\t\t<\/div>\n\t\t\t\t<\/div>\n\t\t<div class=\"elementor-element elementor-element-9fecf9f e-flex e-con-boxed e-con e-parent\" data-id=\"9fecf9f\" data-element_type=\"container\">\n\t\t\t\t\t<div class=\"e-con-inner\">\n\t\t\t\t<div class=\"elementor-element elementor-element-6ed973c elementor-arrows-position-inside elementor-pagination-position-outside elementor-widget elementor-widget-image-carousel\" data-id=\"6ed973c\" data-element_type=\"widget\" data-settings=\"{&quot;navigation&quot;:&quot;both&quot;,&quot;autoplay&quot;:&quot;yes&quot;,&quot;pause_on_hover&quot;:&quot;yes&quot;,&quot;pause_on_interaction&quot;:&quot;yes&quot;,&quot;autoplay_speed&quot;:5000,&quot;infinite&quot;:&quot;yes&quot;,&quot;speed&quot;:500}\" data-widget_type=\"image-carousel.default\">\n\t\t\t\t<div class=\"elementor-widget-container\">\n\t\t\t<style>\/*! elementor - v3.22.0 - 26-06-2024 *\/\n.elementor-widget-image-carousel .swiper,.elementor-widget-image-carousel .swiper-container{position:static}.elementor-widget-image-carousel .swiper-container .swiper-slide figure,.elementor-widget-image-carousel .swiper .swiper-slide figure{line-height:inherit}.elementor-widget-image-carousel .swiper-slide{text-align:center}.elementor-image-carousel-wrapper:not(.swiper-container-initialized):not(.swiper-initialized) .swiper-slide{max-width:calc(100% \/ var(--e-image-carousel-slides-to-show, 3))}<\/style>\t\t<div class=\"elementor-image-carousel-wrapper swiper\" dir=\"ltr\">\n\t\t\t<div class=\"elementor-image-carousel swiper-wrapper\" aria-live=\"off\">\n\t\t\t\t\t\t\t\t<div class=\"swiper-slide\" role=\"group\" aria-roledescription=\"slide\" aria-label=\"1 of 3\"><figure class=\"swiper-slide-inner\"><img decoding=\"async\" class=\"swiper-slide-image\" src=\"https:\/\/ditoefeito.esspc.pt\/24-25\/wp-content\/uploads\/2025\/01\/20241217_104400.jpg\" alt=\"ESSPC\" \/><\/figure><\/div><div class=\"swiper-slide\" role=\"group\" aria-roledescription=\"slide\" aria-label=\"2 of 3\"><figure class=\"swiper-slide-inner\"><img decoding=\"async\" class=\"swiper-slide-image\" src=\"https:\/\/ditoefeito.esspc.pt\/24-25\/wp-content\/uploads\/2025\/01\/20241217_104736.jpg\" alt=\"ESSPC\" \/><\/figure><\/div><div class=\"swiper-slide\" role=\"group\" aria-roledescription=\"slide\" aria-label=\"3 of 3\"><figure class=\"swiper-slide-inner\"><img decoding=\"async\" class=\"swiper-slide-image\" src=\"https:\/\/ditoefeito.esspc.pt\/24-25\/wp-content\/uploads\/2025\/01\/Quebra-nozes.png\" alt=\"ESSPC\" \/><\/figure><\/div>\t\t\t<\/div>\n\t\t\t\t\t\t\t\t\t\t\t\t<div class=\"elementor-swiper-button elementor-swiper-button-prev\" role=\"button\" tabindex=\"0\">\n\t\t\t\t\t\t<svg aria-hidden=\"true\" class=\"e-font-icon-svg e-eicon-chevron-left\" viewBox=\"0 0 1000 1000\" xmlns=\"http:\/\/www.w3.org\/2000\/svg\"><path d=\"M646 125C629 125 613 133 604 142L308 442C296 454 292 471 292 487 292 504 296 521 308 533L604 854C617 867 629 875 646 875 663 875 679 871 692 858 704 846 713 829 713 812 713 796 708 779 692 767L438 487 692 225C700 217 708 204 708 187 708 171 704 154 692 142 675 129 663 125 646 125Z\"><\/path><\/svg>\t\t\t\t\t<\/div>\n\t\t\t\t\t<div class=\"elementor-swiper-button elementor-swiper-button-next\" role=\"button\" tabindex=\"0\">\n\t\t\t\t\t\t<svg aria-hidden=\"true\" class=\"e-font-icon-svg e-eicon-chevron-right\" viewBox=\"0 0 1000 1000\" xmlns=\"http:\/\/www.w3.org\/2000\/svg\"><path d=\"M696 533C708 521 713 504 713 487 713 471 708 454 696 446L400 146C388 133 375 125 354 125 338 125 325 129 313 142 300 154 292 171 292 187 292 204 296 221 308 233L563 492 304 771C292 783 288 800 288 817 288 833 296 850 308 863 321 871 338 875 354 875 371 875 388 867 400 854L696 533Z\"><\/path><\/svg>\t\t\t\t\t<\/div>\n\t\t\t\t\n\t\t\t\t\t\t\t\t\t<div class=\"swiper-pagination\"><\/div>\n\t\t\t\t\t\t\t\t\t<\/div>\n\t\t\t\t<\/div>\n\t\t\t\t<\/div>\n\t\t\t\t\t<\/div>\n\t\t\t\t<\/div>\n\t\t\t\t<\/div>\n\t\t","protected":false},"excerpt":{"rendered":"<p>No dia 17 de dezembro, os alunos apoiados no Centro de Apoio \u00e0 Aprendizagem (CAA) foram assistir ao espet\u00e1culo \u201cQuebra-Nozes e o Reino do Gelo, o Musical\u201d no Mar Shopping de Matosinhos acompanhados pelas docentes Isaura Almeida e Rosa Maria Silva. Este espet\u00e1culo \u00e9 protagonizado por Rita Rocha, uma cantora [&hellip;]<\/p>\n","protected":false},"author":1,"featured_media":3373,"comment_status":"open","ping_status":"open","sticky":false,"template":"","format":"standard","meta":{"_eb_attr":"","footnotes":""},"categories":[11],"tags":[],"class_list":["post-3367","post","type-post","status-publish","format-standard","has-post-thumbnail","hentry","category-saidas"],"_links":{"self":[{"href":"https:\/\/ditoefeito.esspc.pt\/24-25\/wp-json\/wp\/v2\/posts\/3367","targetHints":{"allow":["GET"]}}],"collection":[{"href":"https:\/\/ditoefeito.esspc.pt\/24-25\/wp-json\/wp\/v2\/posts"}],"about":[{"href":"https:\/\/ditoefeito.esspc.pt\/24-25\/wp-json\/wp\/v2\/types\/post"}],"author":[{"embeddable":true,"href":"https:\/\/ditoefeito.esspc.pt\/24-25\/wp-json\/wp\/v2\/users\/1"}],"replies":[{"embeddable":true,"href":"https:\/\/ditoefeito.esspc.pt\/24-25\/wp-json\/wp\/v2\/comments?post=3367"}],"version-history":[{"count":4,"href":"https:\/\/ditoefeito.esspc.pt\/24-25\/wp-json\/wp\/v2\/posts\/3367\/revisions"}],"predecessor-version":[{"id":3380,"href":"https:\/\/ditoefeito.esspc.pt\/24-25\/wp-json\/wp\/v2\/posts\/3367\/revisions\/3380"}],"wp:featuredmedia":[{"embeddable":true,"href":"https:\/\/ditoefeito.esspc.pt\/24-25\/wp-json\/wp\/v2\/media\/3373"}],"wp:attachment":[{"href":"https:\/\/ditoefeito.esspc.pt\/24-25\/wp-json\/wp\/v2\/media?parent=3367"}],"wp:term":[{"taxonomy":"category","embeddable":true,"href":"https:\/\/ditoefeito.esspc.pt\/24-25\/wp-json\/wp\/v2\/categories?post=3367"},{"taxonomy":"post_tag","embeddable":true,"href":"https:\/\/ditoefeito.esspc.pt\/24-25\/wp-json\/wp\/v2\/tags?post=3367"}],"curies":[{"name":"wp","href":"https:\/\/api.w.org\/{rel}","templated":true}]}}