{"id":3492,"date":"2025-03-04T10:38:37","date_gmt":"2025-03-04T10:38:37","guid":{"rendered":"https:\/\/ditoefeito.esspc.pt\/24-25\/?p=3492"},"modified":"2025-04-08T23:51:18","modified_gmt":"2025-04-08T23:51:18","slug":"visita-a-fabrica-viarco-e-nucleo-historico-da-torre-oliva","status":"publish","type":"post","link":"https:\/\/ditoefeito.esspc.pt\/24-25\/2025\/03\/04\/visita-a-fabrica-viarco-e-nucleo-historico-da-torre-oliva\/","title":{"rendered":"Visita \u00e0 F\u00e1brica Viarco e\u00a0 N\u00facleo Hist\u00f3rico da Torre Oliva"},"content":{"rendered":"\t\t<div data-elementor-type=\"wp-post\" data-elementor-id=\"3492\" class=\"elementor elementor-3492\" data-elementor-post-type=\"post\">\n\t\t\t\t<div class=\"elementor-element elementor-element-6ec0361 e-flex e-con-boxed e-con e-parent\" data-id=\"6ec0361\" data-element_type=\"container\">\n\t\t\t\t\t<div class=\"e-con-inner\">\n\t\t\t\t<div class=\"elementor-element elementor-element-fddf81b elementor-widget elementor-widget-text-editor\" data-id=\"fddf81b\" data-element_type=\"widget\" data-widget_type=\"text-editor.default\">\n\t\t\t\t<div class=\"elementor-widget-container\">\n\t\t\t<style>\/*! elementor - v3.22.0 - 26-06-2024 *\/\n.elementor-widget-text-editor.elementor-drop-cap-view-stacked .elementor-drop-cap{background-color:#69727d;color:#fff}.elementor-widget-text-editor.elementor-drop-cap-view-framed .elementor-drop-cap{color:#69727d;border:3px solid;background-color:transparent}.elementor-widget-text-editor:not(.elementor-drop-cap-view-default) .elementor-drop-cap{margin-top:8px}.elementor-widget-text-editor:not(.elementor-drop-cap-view-default) .elementor-drop-cap-letter{width:1em;height:1em}.elementor-widget-text-editor .elementor-drop-cap{float:left;text-align:center;line-height:1;font-size:50px}.elementor-widget-text-editor .elementor-drop-cap-letter{display:inline-block}<\/style>\t\t\t\t<p>No dia 13 de fevereiro, os alunos das tr\u00eas turmas do Curso Profissional T\u00e9cnico\/a de Design de Comunica\u00e7\u00e3o Gr\u00e1fica (TDCG1, TDCG2 e TDCG3) realizaram uma visita de estudo \u00e0 <em>Viarco \u2013 F\u00e1brica Portuguesa de L\u00e1pis<\/em> e ao <em>N\u00facleo Hist\u00f3rico da Torre Oliva<\/em>, em S\u00e3o Jo\u00e3o da Madeira. Os alunos foram acompanhados pelas professoras da componente t\u00e9cnica, no \u00e2mbito das disciplinas de Design Gr\u00e1fico, Desenho e Comunica\u00e7\u00e3o Visual e de Oficina Gr\u00e1fica.<\/p><p>A visita teve como objetivo principal proporcionar aos alunos um contato direto com os processos de produ\u00e7\u00e3o e design gr\u00e1fico, aproximando-os da realidade do setor e permitindo consolidar os conhecimentos adquiridos na sala de aula.<\/p><p>Na Viarco, \u00fanica f\u00e1brica de l\u00e1pis em Portugal e uma das mais ic\u00f3nicas a n\u00edvel europeu, os alunos puderam conhecer as diferentes fases de produ\u00e7\u00e3o do l\u00e1pis, desde a sele\u00e7\u00e3o da madeira at\u00e9 \u00e0 embalagem final. Para al\u00e9m da componente industrial, foi poss\u00edvel compreender a import\u00e2ncia do design e da identidade visual na cria\u00e7\u00e3o de produtos, destacando a forma como a marca portuguesa preserva a tradi\u00e7\u00e3o e a inova\u00e7\u00e3o no mercado global.<\/p><p>J\u00e1 no N\u00facleo Hist\u00f3rico da Torre Oliva, os alunos tiveram a oportunidade de participar num <em>Workshop de cria\u00e7\u00e3o de um cartaz<\/em>, dinamizado pelos servi\u00e7os educativos desse espa\u00e7o. Esta atividade permitiu-lhes explorar t\u00e9cnicas de composi\u00e7\u00e3o gr\u00e1fica e experimentar diferentes abordagens criativas na conce\u00e7\u00e3o de um cartaz, articulando teoria e pr\u00e1tica de forma envolvente e din\u00e2mica.<\/p><p>A visita de estudo revelou-se uma experi\u00eancia muito enriquecedora, permitindo aos alunos aprofundar os seus conhecimentos sobre produ\u00e7\u00e3o gr\u00e1fica, processos de acabamento e identidade visual, aprendizagens fundamentais para a sua forma\u00e7\u00e3o enquanto futuros profissionais da \u00e1rea do design gr\u00e1fico.<\/p>\t\t\t\t\t\t<\/div>\n\t\t\t\t<\/div>\n\t\t\t\t\t<\/div>\n\t\t\t\t<\/div>\n\t\t<div class=\"elementor-element elementor-element-98bc8c3 e-flex e-con-boxed e-con e-parent\" data-id=\"98bc8c3\" data-element_type=\"container\">\n\t\t\t\t\t<div class=\"e-con-inner\">\n\t\t\t\t<div class=\"elementor-element elementor-element-fe250d1 elementor-widget elementor-widget-text-editor\" data-id=\"fe250d1\" data-element_type=\"widget\" data-widget_type=\"text-editor.default\">\n\t\t\t\t<div class=\"elementor-widget-container\">\n\t\t\t\t\t\t\t<p>Lara Paulo, Paula Marinho e Sara Pereira, professoras<\/p>\t\t\t\t\t\t<\/div>\n\t\t\t\t<\/div>\n\t\t\t\t\t<\/div>\n\t\t\t\t<\/div>\n\t\t<div class=\"elementor-element elementor-element-cf2d6b6 e-flex e-con-boxed e-con e-parent\" data-id=\"cf2d6b6\" data-element_type=\"container\">\n\t\t\t\t\t<div class=\"e-con-inner\">\n\t\t\t\t<div class=\"elementor-element elementor-element-ec59926 elementor-widget elementor-widget-image\" data-id=\"ec59926\" data-element_type=\"widget\" data-widget_type=\"image.default\">\n\t\t\t\t<div class=\"elementor-widget-container\">\n\t\t\t<style>\/*! elementor - v3.22.0 - 26-06-2024 *\/\n.elementor-widget-image{text-align:center}.elementor-widget-image a{display:inline-block}.elementor-widget-image a img[src$=\".svg\"]{width:48px}.elementor-widget-image img{vertical-align:middle;display:inline-block}<\/style>\t\t\t\t\t\t\t\t\t\t<img fetchpriority=\"high\" decoding=\"async\" width=\"750\" height=\"467\" src=\"https:\/\/ditoefeito.esspc.pt\/24-25\/wp-content\/uploads\/2025\/03\/Viarco-5.jpg\" class=\"attachment-large size-large wp-image-3496\" alt=\"ESSPC\" \/>\t\t\t\t\t\t\t\t\t\t\t\t\t<\/div>\n\t\t\t\t<\/div>\n\t\t\t\t\t<\/div>\n\t\t\t\t<\/div>\n\t\t<div class=\"elementor-element elementor-element-88220e4 e-flex e-con-boxed e-con e-parent\" data-id=\"88220e4\" data-element_type=\"container\">\n\t\t\t\t\t<div class=\"e-con-inner\">\n\t\t\t\t<div class=\"elementor-element elementor-element-851ac72 elementor-widget elementor-widget-image\" data-id=\"851ac72\" data-element_type=\"widget\" data-widget_type=\"image.default\">\n\t\t\t\t<div class=\"elementor-widget-container\">\n\t\t\t\t\t\t\t\t\t\t\t\t\t<img decoding=\"async\" width=\"750\" height=\"337\" src=\"https:\/\/ditoefeito.esspc.pt\/24-25\/wp-content\/uploads\/2025\/02\/FADEUP_Foto-1.jpg\" class=\"attachment-large size-large wp-image-3483\" alt=\"ESSPC\" \/>\t\t\t\t\t\t\t\t\t\t\t\t\t<\/div>\n\t\t\t\t<\/div>\n\t\t\t\t\t<\/div>\n\t\t\t\t<\/div>\n\t\t<div class=\"elementor-element elementor-element-ad38a0a e-grid e-con-boxed e-con e-parent\" data-id=\"ad38a0a\" data-element_type=\"container\">\n\t\t\t\t\t<div class=\"e-con-inner\">\n\t\t\t\t<div class=\"elementor-element elementor-element-85914e2 elementor-widget elementor-widget-image\" data-id=\"85914e2\" data-element_type=\"widget\" data-widget_type=\"image.default\">\n\t\t\t\t<div class=\"elementor-widget-container\">\n\t\t\t\t\t\t\t\t\t\t\t\t\t<img decoding=\"async\" width=\"750\" height=\"563\" src=\"https:\/\/ditoefeito.esspc.pt\/24-25\/wp-content\/uploads\/2025\/03\/Viarco-3.jpg\" class=\"attachment-large size-large wp-image-3495\" alt=\"ESSPC\" \/>\t\t\t\t\t\t\t\t\t\t\t\t\t<\/div>\n\t\t\t\t<\/div>\n\t\t\t\t<div class=\"elementor-element elementor-element-4b40500 elementor-widget elementor-widget-image\" data-id=\"4b40500\" data-element_type=\"widget\" data-widget_type=\"image.default\">\n\t\t\t\t<div class=\"elementor-widget-container\">\n\t\t\t\t\t\t\t\t\t\t\t\t\t<img loading=\"lazy\" decoding=\"async\" width=\"750\" height=\"563\" src=\"https:\/\/ditoefeito.esspc.pt\/24-25\/wp-content\/uploads\/2025\/03\/Viarco-2.jpg\" class=\"attachment-large size-large wp-image-3494\" alt=\"ESSPC\" \/>\t\t\t\t\t\t\t\t\t\t\t\t\t<\/div>\n\t\t\t\t<\/div>\n\t\t\t\t\t<\/div>\n\t\t\t\t<\/div>\n\t\t<div class=\"elementor-element elementor-element-d4c49c8 e-flex e-con-boxed e-con e-parent\" data-id=\"d4c49c8\" data-element_type=\"container\">\n\t\t\t\t\t<div class=\"e-con-inner\">\n\t\t<div class=\"elementor-element elementor-element-5d33011 e-con-full e-flex e-con e-child\" data-id=\"5d33011\" data-element_type=\"container\">\n\t\t\t\t<div class=\"elementor-element elementor-element-39ac94c elementor-widget elementor-widget-image\" data-id=\"39ac94c\" data-element_type=\"widget\" data-widget_type=\"image.default\">\n\t\t\t\t<div class=\"elementor-widget-container\">\n\t\t\t\t\t\t\t\t\t\t\t\t\t<img loading=\"lazy\" decoding=\"async\" width=\"750\" height=\"563\" src=\"https:\/\/ditoefeito.esspc.pt\/24-25\/wp-content\/uploads\/2025\/03\/Viarco1.jpg\" class=\"attachment-large size-large wp-image-3493\" alt=\"ESSPC\" \/>\t\t\t\t\t\t\t\t\t\t\t\t\t<\/div>\n\t\t\t\t<\/div>\n\t\t\t\t<\/div>\n\t\t<div class=\"elementor-element elementor-element-e06c7ed e-con-full e-flex e-con e-child\" data-id=\"e06c7ed\" data-element_type=\"container\">\n\t\t\t\t<div class=\"elementor-element elementor-element-d55cf29 elementor-widget elementor-widget-image\" data-id=\"d55cf29\" data-element_type=\"widget\" data-widget_type=\"image.default\">\n\t\t\t\t<div class=\"elementor-widget-container\">\n\t\t\t\t\t\t\t\t\t\t\t\t\t<img loading=\"lazy\" decoding=\"async\" width=\"750\" height=\"563\" src=\"https:\/\/ditoefeito.esspc.pt\/24-25\/wp-content\/uploads\/2025\/03\/Torre-Oliva.jpg\" class=\"attachment-large size-large wp-image-3499\" alt=\"ESSPC\" \/>\t\t\t\t\t\t\t\t\t\t\t\t\t<\/div>\n\t\t\t\t<\/div>\n\t\t\t\t<\/div>\n\t\t\t\t\t<\/div>\n\t\t\t\t<\/div>\n\t\t\t\t<\/div>\n\t\t","protected":false},"excerpt":{"rendered":"<p>No dia 13 de fevereiro, os alunos das tr\u00eas turmas do Curso Profissional T\u00e9cnico\/a de Design de Comunica\u00e7\u00e3o Gr\u00e1fica (TDCG1, TDCG2 e TDCG3) realizaram uma visita de estudo \u00e0 Viarco \u2013 F\u00e1brica Portuguesa de L\u00e1pis e ao N\u00facleo Hist\u00f3rico da Torre Oliva, em S\u00e3o Jo\u00e3o da Madeira. Os alunos foram [&hellip;]<\/p>\n","protected":false},"author":1,"featured_media":3497,"comment_status":"open","ping_status":"open","sticky":false,"template":"","format":"standard","meta":{"_eb_attr":"","footnotes":""},"categories":[11,29],"tags":[],"class_list":["post-3492","post","type-post","status-publish","format-standard","has-post-thumbnail","hentry","category-saidas","category-visitas-de-estudo"],"_links":{"self":[{"href":"https:\/\/ditoefeito.esspc.pt\/24-25\/wp-json\/wp\/v2\/posts\/3492","targetHints":{"allow":["GET"]}}],"collection":[{"href":"https:\/\/ditoefeito.esspc.pt\/24-25\/wp-json\/wp\/v2\/posts"}],"about":[{"href":"https:\/\/ditoefeito.esspc.pt\/24-25\/wp-json\/wp\/v2\/types\/post"}],"author":[{"embeddable":true,"href":"https:\/\/ditoefeito.esspc.pt\/24-25\/wp-json\/wp\/v2\/users\/1"}],"replies":[{"embeddable":true,"href":"https:\/\/ditoefeito.esspc.pt\/24-25\/wp-json\/wp\/v2\/comments?post=3492"}],"version-history":[{"count":10,"href":"https:\/\/ditoefeito.esspc.pt\/24-25\/wp-json\/wp\/v2\/posts\/3492\/revisions"}],"predecessor-version":[{"id":3945,"href":"https:\/\/ditoefeito.esspc.pt\/24-25\/wp-json\/wp\/v2\/posts\/3492\/revisions\/3945"}],"wp:featuredmedia":[{"embeddable":true,"href":"https:\/\/ditoefeito.esspc.pt\/24-25\/wp-json\/wp\/v2\/media\/3497"}],"wp:attachment":[{"href":"https:\/\/ditoefeito.esspc.pt\/24-25\/wp-json\/wp\/v2\/media?parent=3492"}],"wp:term":[{"taxonomy":"category","embeddable":true,"href":"https:\/\/ditoefeito.esspc.pt\/24-25\/wp-json\/wp\/v2\/categories?post=3492"},{"taxonomy":"post_tag","embeddable":true,"href":"https:\/\/ditoefeito.esspc.pt\/24-25\/wp-json\/wp\/v2\/tags?post=3492"}],"curies":[{"name":"wp","href":"https:\/\/api.w.org\/{rel}","templated":true}]}}