{"id":3612,"date":"2025-03-28T09:18:39","date_gmt":"2025-03-28T09:18:39","guid":{"rendered":"https:\/\/ditoefeito.esspc.pt\/24-25\/?p=3612"},"modified":"2025-04-07T11:15:53","modified_gmt":"2025-04-07T11:15:53","slug":"todos-somos-protecao-civil","status":"publish","type":"post","link":"https:\/\/ditoefeito.esspc.pt\/24-25\/2025\/03\/28\/todos-somos-protecao-civil\/","title":{"rendered":"Todos Somos Prote\u00e7\u00e3o Civil"},"content":{"rendered":"\t\t<div data-elementor-type=\"wp-post\" data-elementor-id=\"3612\" class=\"elementor elementor-3612\" data-elementor-post-type=\"post\">\n\t\t\t\t<div class=\"elementor-element elementor-element-d9fec61 e-flex e-con-boxed e-con e-parent\" data-id=\"d9fec61\" data-element_type=\"container\">\n\t\t\t\t\t<div class=\"e-con-inner\">\n\t\t\t\t<div class=\"elementor-element elementor-element-842d5ad elementor-widget elementor-widget-text-editor\" data-id=\"842d5ad\" data-element_type=\"widget\" data-widget_type=\"text-editor.default\">\n\t\t\t\t<div class=\"elementor-widget-container\">\n\t\t\t<style>\/*! elementor - v3.22.0 - 26-06-2024 *\/\n.elementor-widget-text-editor.elementor-drop-cap-view-stacked .elementor-drop-cap{background-color:#69727d;color:#fff}.elementor-widget-text-editor.elementor-drop-cap-view-framed .elementor-drop-cap{color:#69727d;border:3px solid;background-color:transparent}.elementor-widget-text-editor:not(.elementor-drop-cap-view-default) .elementor-drop-cap{margin-top:8px}.elementor-widget-text-editor:not(.elementor-drop-cap-view-default) .elementor-drop-cap-letter{width:1em;height:1em}.elementor-widget-text-editor .elementor-drop-cap{float:left;text-align:center;line-height:1;font-size:50px}.elementor-widget-text-editor .elementor-drop-cap-letter{display:inline-block}<\/style>\t\t\t\t<p>No dia 12 de mar\u00e7o, os alunos do 7.\u00ba Ano participaram, juntamente com a diretora de turma, Dina Santos, nas atividades inseridas nas comemora\u00e7\u00f5es do Dia Internacional da Prote\u00e7\u00e3o Civil, a convite do Exmo. Senhor Presidente da C\u00e2mara Municipal de Gondomar, Lu\u00eds Filipe Ara\u00fajo.<\/p><p>A\u0300 chegada ao <em>GoldPark, <\/em>foram recebidos por Paulo Guedes, coordenador da Protec\u0327a\u0303o Civil de Gondomar, que os encaminhou para o audit\u00f3rio, onde decorreu uma palestra dirigida pelo Comiss\u00e1rio da PSP, Hugo Correia, sobre a import\u00e2ncia do uso devido do n\u00famero de emerg\u00eancia \u2013 112, os operacionais envolvidos e os meios acionados em caso de emerg\u00eancia. Seguidamente, foram convidados a visitar as instala\u00e7\u00f5es, onde as equipas se encontram diariamente a trabalhar, as viaturas de servi\u00e7o e a conhecer a din\u00e2mica do Centro de Opera\u00e7\u00f5es.<\/p><p>Por fim, alunos e professora receberam uma lembran\u00e7a e agradeceram a experi\u00eancia vivenciada.<\/p>\t\t\t\t\t\t<\/div>\n\t\t\t\t<\/div>\n\t\t\t\t\t<\/div>\n\t\t\t\t<\/div>\n\t\t<div class=\"elementor-element elementor-element-6e1ac3b e-flex e-con-boxed e-con e-parent\" data-id=\"6e1ac3b\" data-element_type=\"container\">\n\t\t\t\t\t<div class=\"e-con-inner\">\n\t\t\t\t<div class=\"elementor-element elementor-element-b9fb00e elementor-widget elementor-widget-text-editor\" data-id=\"b9fb00e\" data-element_type=\"widget\" data-widget_type=\"text-editor.default\">\n\t\t\t\t<div class=\"elementor-widget-container\">\n\t\t\t\t\t\t\t<p>7\u00baA, turma.<\/p>\t\t\t\t\t\t<\/div>\n\t\t\t\t<\/div>\n\t\t\t\t\t<\/div>\n\t\t\t\t<\/div>\n\t\t<div class=\"elementor-element elementor-element-17321bc e-flex e-con-boxed e-con e-parent\" data-id=\"17321bc\" data-element_type=\"container\">\n\t\t\t\t\t<div class=\"e-con-inner\">\n\t\t\t\t<div class=\"elementor-element elementor-element-9df1798 elementor-arrows-position-inside elementor-pagination-position-outside elementor-widget elementor-widget-image-carousel\" data-id=\"9df1798\" data-element_type=\"widget\" data-settings=\"{&quot;navigation&quot;:&quot;both&quot;,&quot;autoplay&quot;:&quot;yes&quot;,&quot;pause_on_hover&quot;:&quot;yes&quot;,&quot;pause_on_interaction&quot;:&quot;yes&quot;,&quot;autoplay_speed&quot;:5000,&quot;infinite&quot;:&quot;yes&quot;,&quot;speed&quot;:500}\" data-widget_type=\"image-carousel.default\">\n\t\t\t\t<div class=\"elementor-widget-container\">\n\t\t\t<style>\/*! elementor - v3.22.0 - 26-06-2024 *\/\n.elementor-widget-image-carousel .swiper,.elementor-widget-image-carousel .swiper-container{position:static}.elementor-widget-image-carousel .swiper-container .swiper-slide figure,.elementor-widget-image-carousel .swiper .swiper-slide figure{line-height:inherit}.elementor-widget-image-carousel .swiper-slide{text-align:center}.elementor-image-carousel-wrapper:not(.swiper-container-initialized):not(.swiper-initialized) .swiper-slide{max-width:calc(100% \/ var(--e-image-carousel-slides-to-show, 3))}<\/style>\t\t<div class=\"elementor-image-carousel-wrapper swiper\" dir=\"ltr\">\n\t\t\t<div class=\"elementor-image-carousel swiper-wrapper\" aria-live=\"off\">\n\t\t\t\t\t\t\t\t<div class=\"swiper-slide\" role=\"group\" aria-roledescription=\"slide\" aria-label=\"1 of 2\"><figure class=\"swiper-slide-inner\"><img decoding=\"async\" class=\"swiper-slide-image\" src=\"https:\/\/ditoefeito.esspc.pt\/24-25\/wp-content\/uploads\/2025\/04\/Somos-protecao-Civil-2.jpg\" alt=\"Somos prote\u00e7\u00e3o Civil 2\" \/><\/figure><\/div><div class=\"swiper-slide\" role=\"group\" aria-roledescription=\"slide\" aria-label=\"2 of 2\"><figure class=\"swiper-slide-inner\"><img decoding=\"async\" class=\"swiper-slide-image\" src=\"https:\/\/ditoefeito.esspc.pt\/24-25\/wp-content\/uploads\/2025\/04\/Somos-Protecao-Civil-1.jpg\" alt=\"ESSPC\" \/><\/figure><\/div>\t\t\t<\/div>\n\t\t\t\t\t\t\t\t\t\t\t\t<div class=\"elementor-swiper-button elementor-swiper-button-prev\" role=\"button\" tabindex=\"0\">\n\t\t\t\t\t\t<svg aria-hidden=\"true\" class=\"e-font-icon-svg e-eicon-chevron-left\" viewBox=\"0 0 1000 1000\" xmlns=\"http:\/\/www.w3.org\/2000\/svg\"><path d=\"M646 125C629 125 613 133 604 142L308 442C296 454 292 471 292 487 292 504 296 521 308 533L604 854C617 867 629 875 646 875 663 875 679 871 692 858 704 846 713 829 713 812 713 796 708 779 692 767L438 487 692 225C700 217 708 204 708 187 708 171 704 154 692 142 675 129 663 125 646 125Z\"><\/path><\/svg>\t\t\t\t\t<\/div>\n\t\t\t\t\t<div class=\"elementor-swiper-button elementor-swiper-button-next\" role=\"button\" tabindex=\"0\">\n\t\t\t\t\t\t<svg aria-hidden=\"true\" class=\"e-font-icon-svg e-eicon-chevron-right\" viewBox=\"0 0 1000 1000\" xmlns=\"http:\/\/www.w3.org\/2000\/svg\"><path d=\"M696 533C708 521 713 504 713 487 713 471 708 454 696 446L400 146C388 133 375 125 354 125 338 125 325 129 313 142 300 154 292 171 292 187 292 204 296 221 308 233L563 492 304 771C292 783 288 800 288 817 288 833 296 850 308 863 321 871 338 875 354 875 371 875 388 867 400 854L696 533Z\"><\/path><\/svg>\t\t\t\t\t<\/div>\n\t\t\t\t\n\t\t\t\t\t\t\t\t\t<div class=\"swiper-pagination\"><\/div>\n\t\t\t\t\t\t\t\t\t<\/div>\n\t\t\t\t<\/div>\n\t\t\t\t<\/div>\n\t\t\t\t\t<\/div>\n\t\t\t\t<\/div>\n\t\t\t\t<\/div>\n\t\t","protected":false},"excerpt":{"rendered":"<p>No dia 12 de mar\u00e7o, os alunos do 7.\u00ba Ano participaram, juntamente com a diretora de turma, Dina Santos, nas atividades inseridas nas comemora\u00e7\u00f5es do Dia Internacional da Prote\u00e7\u00e3o Civil, a convite do Exmo. Senhor Presidente da C\u00e2mara Municipal de Gondomar, Lu\u00eds Filipe Ara\u00fajo. A\u0300 chegada ao GoldPark, foram recebidos [&hellip;]<\/p>\n","protected":false},"author":1,"featured_media":3613,"comment_status":"open","ping_status":"open","sticky":false,"template":"","format":"standard","meta":{"_eb_attr":"","footnotes":""},"categories":[11],"tags":[],"class_list":["post-3612","post","type-post","status-publish","format-standard","has-post-thumbnail","hentry","category-saidas"],"_links":{"self":[{"href":"https:\/\/ditoefeito.esspc.pt\/24-25\/wp-json\/wp\/v2\/posts\/3612","targetHints":{"allow":["GET"]}}],"collection":[{"href":"https:\/\/ditoefeito.esspc.pt\/24-25\/wp-json\/wp\/v2\/posts"}],"about":[{"href":"https:\/\/ditoefeito.esspc.pt\/24-25\/wp-json\/wp\/v2\/types\/post"}],"author":[{"embeddable":true,"href":"https:\/\/ditoefeito.esspc.pt\/24-25\/wp-json\/wp\/v2\/users\/1"}],"replies":[{"embeddable":true,"href":"https:\/\/ditoefeito.esspc.pt\/24-25\/wp-json\/wp\/v2\/comments?post=3612"}],"version-history":[{"count":7,"href":"https:\/\/ditoefeito.esspc.pt\/24-25\/wp-json\/wp\/v2\/posts\/3612\/revisions"}],"predecessor-version":[{"id":3862,"href":"https:\/\/ditoefeito.esspc.pt\/24-25\/wp-json\/wp\/v2\/posts\/3612\/revisions\/3862"}],"wp:featuredmedia":[{"embeddable":true,"href":"https:\/\/ditoefeito.esspc.pt\/24-25\/wp-json\/wp\/v2\/media\/3613"}],"wp:attachment":[{"href":"https:\/\/ditoefeito.esspc.pt\/24-25\/wp-json\/wp\/v2\/media?parent=3612"}],"wp:term":[{"taxonomy":"category","embeddable":true,"href":"https:\/\/ditoefeito.esspc.pt\/24-25\/wp-json\/wp\/v2\/categories?post=3612"},{"taxonomy":"post_tag","embeddable":true,"href":"https:\/\/ditoefeito.esspc.pt\/24-25\/wp-json\/wp\/v2\/tags?post=3612"}],"curies":[{"name":"wp","href":"https:\/\/api.w.org\/{rel}","templated":true}]}}