{"id":3621,"date":"2025-03-28T09:36:22","date_gmt":"2025-03-28T09:36:22","guid":{"rendered":"https:\/\/ditoefeito.esspc.pt\/24-25\/?p=3621"},"modified":"2025-03-28T09:53:20","modified_gmt":"2025-03-28T09:53:20","slug":"dia-dos-afetos","status":"publish","type":"post","link":"https:\/\/ditoefeito.esspc.pt\/24-25\/2025\/03\/28\/dia-dos-afetos\/","title":{"rendered":"Dia dos Afetos"},"content":{"rendered":"\t\t<div data-elementor-type=\"wp-post\" data-elementor-id=\"3621\" class=\"elementor elementor-3621\" data-elementor-post-type=\"post\">\n\t\t\t\t<div class=\"elementor-element elementor-element-821749e e-flex e-con-boxed e-con e-parent\" data-id=\"821749e\" data-element_type=\"container\">\n\t\t\t\t\t<div class=\"e-con-inner\">\n\t\t\t\t<div class=\"elementor-element elementor-element-d0f0588 elementor-widget elementor-widget-text-editor\" data-id=\"d0f0588\" data-element_type=\"widget\" data-widget_type=\"text-editor.default\">\n\t\t\t\t<div class=\"elementor-widget-container\">\n\t\t\t<style>\/*! elementor - v3.22.0 - 26-06-2024 *\/\n.elementor-widget-text-editor.elementor-drop-cap-view-stacked .elementor-drop-cap{background-color:#69727d;color:#fff}.elementor-widget-text-editor.elementor-drop-cap-view-framed .elementor-drop-cap{color:#69727d;border:3px solid;background-color:transparent}.elementor-widget-text-editor:not(.elementor-drop-cap-view-default) .elementor-drop-cap{margin-top:8px}.elementor-widget-text-editor:not(.elementor-drop-cap-view-default) .elementor-drop-cap-letter{width:1em;height:1em}.elementor-widget-text-editor .elementor-drop-cap{float:left;text-align:center;line-height:1;font-size:50px}.elementor-widget-text-editor .elementor-drop-cap-letter{display:inline-block}<\/style>\t\t\t\t<p>No dia 14 de fevereiro, os alunos apoiados no Centro de Apoio \u00e0 Aprendizagem (CAA), comemoraram o Dia dos Afetos.<\/p>\n<p>Foi constru\u00eddo um Mural, alusivo ao tema, com palavras e frases relacionadas com a express\u00e3o \u201cO Amor \u00e9\u2026\u201d.<\/p>\n<p>Esta atividade foi estruturada a partir de uma pesquisa na internet de Murais de Afetos; ap\u00f3s sele\u00e7\u00e3o de um modelo, recortaram-se cora\u00e7\u00f5es em papel de revista e m\u00e3os em desperd\u00edcios de cartolinas.<\/p>\n<p>Quando conclu\u00eddo, o Mural foi exposto no \u00e1trio da Escola para ser completado com escrita de palavras\/frases por alunos, docentes e assistentes operacionais da ESSPC.<\/p>\n<p>Ainda no \u00e2mbito desta tem\u00e1tica, os alunos elaboraram postais, com recurso ao programa Canva e, na Oficina de Culin\u00e1ria, confecionaram-se biscoitos em forma de cora\u00e7\u00e3o para oferecer aos familiares e amigos.<\/p>\t\t\t\t\t\t<\/div>\n\t\t\t\t<\/div>\n\t\t\t\t\t<\/div>\n\t\t\t\t<\/div>\n\t\t<div class=\"elementor-element elementor-element-e6fb522 e-flex e-con-boxed e-con e-parent\" data-id=\"e6fb522\" data-element_type=\"container\">\n\t\t\t\t\t<div class=\"e-con-inner\">\n\t\t\t\t<div class=\"elementor-element elementor-element-5548bf2 elementor-arrows-position-inside elementor-pagination-position-outside elementor-widget elementor-widget-image-carousel\" data-id=\"5548bf2\" data-element_type=\"widget\" data-settings=\"{&quot;navigation&quot;:&quot;both&quot;,&quot;autoplay&quot;:&quot;yes&quot;,&quot;pause_on_hover&quot;:&quot;yes&quot;,&quot;pause_on_interaction&quot;:&quot;yes&quot;,&quot;autoplay_speed&quot;:5000,&quot;infinite&quot;:&quot;yes&quot;,&quot;speed&quot;:500}\" data-widget_type=\"image-carousel.default\">\n\t\t\t\t<div class=\"elementor-widget-container\">\n\t\t\t<style>\/*! elementor - v3.22.0 - 26-06-2024 *\/\n.elementor-widget-image-carousel .swiper,.elementor-widget-image-carousel .swiper-container{position:static}.elementor-widget-image-carousel .swiper-container .swiper-slide figure,.elementor-widget-image-carousel .swiper .swiper-slide figure{line-height:inherit}.elementor-widget-image-carousel .swiper-slide{text-align:center}.elementor-image-carousel-wrapper:not(.swiper-container-initialized):not(.swiper-initialized) .swiper-slide{max-width:calc(100% \/ var(--e-image-carousel-slides-to-show, 3))}<\/style>\t\t<div class=\"elementor-image-carousel-wrapper swiper\" dir=\"ltr\">\n\t\t\t<div class=\"elementor-image-carousel swiper-wrapper\" aria-live=\"off\">\n\t\t\t\t\t\t\t\t<div class=\"swiper-slide\" role=\"group\" aria-roledescription=\"slide\" aria-label=\"1 of 7\"><figure class=\"swiper-slide-inner\"><img decoding=\"async\" class=\"swiper-slide-image\" src=\"https:\/\/ditoefeito.esspc.pt\/24-25\/wp-content\/uploads\/2025\/03\/Dia-dos-afetos-2.jpg\" alt=\"Dia dos afetos 2\" \/><\/figure><\/div><div class=\"swiper-slide\" role=\"group\" aria-roledescription=\"slide\" aria-label=\"2 of 7\"><figure class=\"swiper-slide-inner\"><img decoding=\"async\" class=\"swiper-slide-image\" src=\"https:\/\/ditoefeito.esspc.pt\/24-25\/wp-content\/uploads\/2025\/03\/Dia-dos-Afetos-3.jpg\" alt=\"Dia dos Afetos 3\" \/><\/figure><\/div><div class=\"swiper-slide\" role=\"group\" aria-roledescription=\"slide\" aria-label=\"3 of 7\"><figure class=\"swiper-slide-inner\"><img decoding=\"async\" class=\"swiper-slide-image\" src=\"https:\/\/ditoefeito.esspc.pt\/24-25\/wp-content\/uploads\/2025\/03\/Dia-dos-Afetos-4.jpg\" alt=\"Dia dos Afetos 4\" \/><\/figure><\/div><div class=\"swiper-slide\" role=\"group\" aria-roledescription=\"slide\" aria-label=\"4 of 7\"><figure class=\"swiper-slide-inner\"><img decoding=\"async\" class=\"swiper-slide-image\" src=\"https:\/\/ditoefeito.esspc.pt\/24-25\/wp-content\/uploads\/2025\/03\/Dia-dos-Afetos-5.jpg\" alt=\"Dia dos Afetos 5\" \/><\/figure><\/div><div class=\"swiper-slide\" role=\"group\" aria-roledescription=\"slide\" aria-label=\"5 of 7\"><figure class=\"swiper-slide-inner\"><img decoding=\"async\" class=\"swiper-slide-image\" src=\"https:\/\/ditoefeito.esspc.pt\/24-25\/wp-content\/uploads\/2025\/03\/Dia-dos-afetos-6.jpg\" alt=\"Dia dos afetos 6\" \/><\/figure><\/div><div class=\"swiper-slide\" role=\"group\" aria-roledescription=\"slide\" aria-label=\"6 of 7\"><figure class=\"swiper-slide-inner\"><img decoding=\"async\" class=\"swiper-slide-image\" src=\"https:\/\/ditoefeito.esspc.pt\/24-25\/wp-content\/uploads\/2025\/03\/Dia-dos-afetos-7.jpg\" alt=\"Dia dos afetos 7\" \/><\/figure><\/div><div class=\"swiper-slide\" role=\"group\" aria-roledescription=\"slide\" aria-label=\"7 of 7\"><figure class=\"swiper-slide-inner\"><img decoding=\"async\" class=\"swiper-slide-image\" src=\"https:\/\/ditoefeito.esspc.pt\/24-25\/wp-content\/uploads\/2025\/03\/Dia-dos-Afetos-8.jpg\" alt=\"Dia dos Afetos 8\" \/><\/figure><\/div>\t\t\t<\/div>\n\t\t\t\t\t\t\t\t\t\t\t\t<div class=\"elementor-swiper-button elementor-swiper-button-prev\" role=\"button\" tabindex=\"0\">\n\t\t\t\t\t\t<svg aria-hidden=\"true\" class=\"e-font-icon-svg e-eicon-chevron-left\" viewBox=\"0 0 1000 1000\" xmlns=\"http:\/\/www.w3.org\/2000\/svg\"><path d=\"M646 125C629 125 613 133 604 142L308 442C296 454 292 471 292 487 292 504 296 521 308 533L604 854C617 867 629 875 646 875 663 875 679 871 692 858 704 846 713 829 713 812 713 796 708 779 692 767L438 487 692 225C700 217 708 204 708 187 708 171 704 154 692 142 675 129 663 125 646 125Z\"><\/path><\/svg>\t\t\t\t\t<\/div>\n\t\t\t\t\t<div class=\"elementor-swiper-button elementor-swiper-button-next\" role=\"button\" tabindex=\"0\">\n\t\t\t\t\t\t<svg aria-hidden=\"true\" class=\"e-font-icon-svg e-eicon-chevron-right\" viewBox=\"0 0 1000 1000\" xmlns=\"http:\/\/www.w3.org\/2000\/svg\"><path d=\"M696 533C708 521 713 504 713 487 713 471 708 454 696 446L400 146C388 133 375 125 354 125 338 125 325 129 313 142 300 154 292 171 292 187 292 204 296 221 308 233L563 492 304 771C292 783 288 800 288 817 288 833 296 850 308 863 321 871 338 875 354 875 371 875 388 867 400 854L696 533Z\"><\/path><\/svg>\t\t\t\t\t<\/div>\n\t\t\t\t\n\t\t\t\t\t\t\t\t\t<div class=\"swiper-pagination\"><\/div>\n\t\t\t\t\t\t\t\t\t<\/div>\n\t\t\t\t<\/div>\n\t\t\t\t<\/div>\n\t\t\t\t\t<\/div>\n\t\t\t\t<\/div>\n\t\t<div class=\"elementor-element elementor-element-c92c44a e-flex e-con-boxed e-con e-parent\" data-id=\"c92c44a\" data-element_type=\"container\">\n\t\t\t\t\t<div class=\"e-con-inner\">\n\t\t\t\t<div class=\"elementor-element elementor-element-ef319f3 elementor-widget elementor-widget-text-editor\" data-id=\"ef319f3\" data-element_type=\"widget\" data-widget_type=\"text-editor.default\">\n\t\t\t\t<div class=\"elementor-widget-container\">\n\t\t\t\t\t\t\t<p>Nuno Barros (10\u00baA),\u00a0<span style=\"font-size: inherit; text-align: var(--text-align);\">Mara Silva (TDCG1),\u00a0<\/span><span style=\"font-size: inherit; text-align: var(--text-align);\">Sofia Valadares (TDCG1),\u00a0<\/span><span style=\"font-size: inherit; text-align: var(--text-align);\">Ana Oliveira (11\u00baA),\u00a0<\/span><span style=\"font-size: inherit; text-align: var(--text-align);\">Tom\u00e1s Moreira (11\u00baB),\u00a0<\/span><span style=\"font-size: inherit; text-align: var(--text-align);\">Bruno Carvalho (TD2B) ,\u00a0<\/span><span style=\"font-size: inherit; text-align: var(--text-align);\">Tiago Pereira (TAS2),\u00a0<\/span><span style=\"font-size: inherit; text-align: var(--text-align);\">Andr\u00e9 Costa (12\u00baA), alunos<\/span><\/p>\t\t\t\t\t\t<\/div>\n\t\t\t\t<\/div>\n\t\t\t\t\t<\/div>\n\t\t\t\t<\/div>\n\t\t<div class=\"elementor-element elementor-element-b0a355c e-flex e-con-boxed e-con e-parent\" data-id=\"b0a355c\" data-element_type=\"container\">\n\t\t\t\t\t<div class=\"e-con-inner\">\n\t\t\t\t<div class=\"elementor-element elementor-element-7dc3884 elementor-widget elementor-widget-text-editor\" data-id=\"7dc3884\" data-element_type=\"widget\" data-widget_type=\"text-editor.default\">\n\t\t\t\t<div class=\"elementor-widget-container\">\n\t\t\t\t\t\t\t<p>Isaura Almeida e\u00a0<span style=\"font-size: inherit; text-align: var(--text-align);\">Rosa Maria Silva, professoras<\/span><\/p>\t\t\t\t\t\t<\/div>\n\t\t\t\t<\/div>\n\t\t\t\t\t<\/div>\n\t\t\t\t<\/div>\n\t\t\t\t<\/div>\n\t\t","protected":false},"excerpt":{"rendered":"<p>No dia 14 de fevereiro, os alunos apoiados no Centro de Apoio \u00e0 Aprendizagem (CAA), comemoraram o Dia dos Afetos. Foi constru\u00eddo um Mural, alusivo ao tema, com palavras e frases relacionadas com a express\u00e3o \u201cO Amor \u00e9\u2026\u201d. Esta atividade foi estruturada a partir de uma pesquisa na internet de [&hellip;]<\/p>\n","protected":false},"author":1,"featured_media":3641,"comment_status":"open","ping_status":"open","sticky":false,"template":"","format":"standard","meta":{"_eb_attr":"","footnotes":""},"categories":[9],"tags":[],"class_list":["post-3621","post","type-post","status-publish","format-standard","has-post-thumbnail","hentry","category-mais-vida-mais-escola"],"_links":{"self":[{"href":"https:\/\/ditoefeito.esspc.pt\/24-25\/wp-json\/wp\/v2\/posts\/3621","targetHints":{"allow":["GET"]}}],"collection":[{"href":"https:\/\/ditoefeito.esspc.pt\/24-25\/wp-json\/wp\/v2\/posts"}],"about":[{"href":"https:\/\/ditoefeito.esspc.pt\/24-25\/wp-json\/wp\/v2\/types\/post"}],"author":[{"embeddable":true,"href":"https:\/\/ditoefeito.esspc.pt\/24-25\/wp-json\/wp\/v2\/users\/1"}],"replies":[{"embeddable":true,"href":"https:\/\/ditoefeito.esspc.pt\/24-25\/wp-json\/wp\/v2\/comments?post=3621"}],"version-history":[{"count":4,"href":"https:\/\/ditoefeito.esspc.pt\/24-25\/wp-json\/wp\/v2\/posts\/3621\/revisions"}],"predecessor-version":[{"id":3636,"href":"https:\/\/ditoefeito.esspc.pt\/24-25\/wp-json\/wp\/v2\/posts\/3621\/revisions\/3636"}],"wp:featuredmedia":[{"embeddable":true,"href":"https:\/\/ditoefeito.esspc.pt\/24-25\/wp-json\/wp\/v2\/media\/3641"}],"wp:attachment":[{"href":"https:\/\/ditoefeito.esspc.pt\/24-25\/wp-json\/wp\/v2\/media?parent=3621"}],"wp:term":[{"taxonomy":"category","embeddable":true,"href":"https:\/\/ditoefeito.esspc.pt\/24-25\/wp-json\/wp\/v2\/categories?post=3621"},{"taxonomy":"post_tag","embeddable":true,"href":"https:\/\/ditoefeito.esspc.pt\/24-25\/wp-json\/wp\/v2\/tags?post=3621"}],"curies":[{"name":"wp","href":"https:\/\/api.w.org\/{rel}","templated":true}]}}